{"id":10805,"date":"2013-03-11T15:32:49","date_gmt":"2013-03-11T15:32:49","guid":{"rendered":"https:\/\/archivioturi.lavocedelpaese.info\/index.php\/2013\/03\/11\/tentano-di-rubare-i-cavi-ma-qualcosa-va-storto\/"},"modified":"2013-03-11T15:32:49","modified_gmt":"2013-03-11T15:32:49","slug":"tentano-di-rubare-i-cavi-ma-qualcosa-va-storto","status":"publish","type":"post","link":"https:\/\/archivioturi.lavocedelpaese.info\/index.php\/2013\/03\/11\/tentano-di-rubare-i-cavi-ma-qualcosa-va-storto\/","title":{"rendered":"Tentano di rubare i cavi, ma qualcosa va storto"},"content":{"rendered":"<p style=\"text-align: justify;\"><img loading=\"lazy\" decoding=\"async\" class=\" size-full wp-image-10804\" src=\"https:\/\/archivioturi.lavocedelpaese.info\/wp-content\/uploads\/2013\/03\/I-danni-evidenti-alla-cabina.JPG\" width=\"320\" height=\"150\" alt=\"I danni evidenti alla cabina\" style=\"margin: 0px 3px;\" srcset=\"https:\/\/archivioturi.lavocedelpaese.info\/wp-content\/uploads\/2013\/03\/I-danni-evidenti-alla-cabina.JPG 640w, https:\/\/archivioturi.lavocedelpaese.info\/wp-content\/uploads\/2013\/03\/I-danni-evidenti-alla-cabina-300x140.jpg 300w\" sizes=\"auto, (max-width: 320px) 100vw, 320px\" \/><\/p>\n<p style=\"text-align: justify;\">Alcuni malviventi hanno tentato di rubare i cavi elettrici di una cabina elettrica e dai pali situati in una stradina di campagna a Turi. Il fatto \u00e8 accaduto nella notte tra mercoled\u00ec e gioved\u00ec scorso nella contrada Santissimo nei pressi del centro sportivo privato in via Putignano. Obiettivo dei ladri ovviamente il rame contenuto nei cavi elettrici che avrebbero dovuto asportare dai pali situati alle spalle della cabina. Qualcosa deve essere andato storto perch\u00e9 i ladri, dopo aver staccato un trasformatore dal palo che \u00e8 stato fatto cadere per terra, hanno rinunciato al colpo. In precedenza, per\u00f2, erano entrati nella cabina elettrica dove hanno manomesso e danneggiato alcuni cavi e altro materiale. Gli agenti della metronotte che sono stati i primi a scoprire l\u2019accaduto, hanno chiamato i carabinieri della locale stazione per avviare le indagini.<\/p>\n","protected":false},"excerpt":{"rendered":"<p style=\"text-align: justify;\"><img loading=\"lazy\" decoding=\"async\" class=\" size-full wp-image-10804\" src=\"https:\/\/archivioturi.lavocedelpaese.info\/wp-content\/uploads\/2013\/03\/I-danni-evidenti-alla-cabina.JPG\" width=\"320\" height=\"150\" alt=\"I danni evidenti alla cabina\" style=\"margin: 0px 3px;\" srcset=\"https:\/\/archivioturi.lavocedelpaese.info\/wp-content\/uploads\/2013\/03\/I-danni-evidenti-alla-cabina.JPG 640w, https:\/\/archivioturi.lavocedelpaese.info\/wp-content\/uploads\/2013\/03\/I-danni-evidenti-alla-cabina-300x140.jpg 300w\" sizes=\"auto, (max-width: 320px) 100vw, 320px\" \/><\/p>\n","protected":false},"author":1,"featured_media":10804,"comment_status":"open","ping_status":"closed","sticky":false,"template":"","format":"standard","meta":{"colormag_page_container_layout":"default_layout","colormag_page_sidebar_layout":"default_layout","footnotes":""},"categories":[8],"tags":[],"class_list":["post-10805","post","type-post","status-publish","format-standard","has-post-thumbnail","hentry","category-cronaca"],"_links":{"self":[{"href":"https:\/\/archivioturi.lavocedelpaese.info\/index.php\/wp-json\/wp\/v2\/posts\/10805","targetHints":{"allow":["GET"]}}],"collection":[{"href":"https:\/\/archivioturi.lavocedelpaese.info\/index.php\/wp-json\/wp\/v2\/posts"}],"about":[{"href":"https:\/\/archivioturi.lavocedelpaese.info\/index.php\/wp-json\/wp\/v2\/types\/post"}],"author":[{"embeddable":true,"href":"https:\/\/archivioturi.lavocedelpaese.info\/index.php\/wp-json\/wp\/v2\/users\/1"}],"replies":[{"embeddable":true,"href":"https:\/\/archivioturi.lavocedelpaese.info\/index.php\/wp-json\/wp\/v2\/comments?post=10805"}],"version-history":[{"count":0,"href":"https:\/\/archivioturi.lavocedelpaese.info\/index.php\/wp-json\/wp\/v2\/posts\/10805\/revisions"}],"wp:featuredmedia":[{"embeddable":true,"href":"https:\/\/archivioturi.lavocedelpaese.info\/index.php\/wp-json\/wp\/v2\/media\/10804"}],"wp:attachment":[{"href":"https:\/\/archivioturi.lavocedelpaese.info\/index.php\/wp-json\/wp\/v2\/media?parent=10805"}],"wp:term":[{"taxonomy":"category","embeddable":true,"href":"https:\/\/archivioturi.lavocedelpaese.info\/index.php\/wp-json\/wp\/v2\/categories?post=10805"},{"taxonomy":"post_tag","embeddable":true,"href":"https:\/\/archivioturi.lavocedelpaese.info\/index.php\/wp-json\/wp\/v2\/tags?post=10805"}],"curies":[{"name":"wp","href":"https:\/\/api.w.org\/{rel}","templated":true}]}}