{"id":10789,"date":"2013-03-12T04:05:18","date_gmt":"2013-03-12T04:05:18","guid":{"rendered":"https:\/\/archivioturi.lavocedelpaese.info\/index.php\/2013\/03\/12\/menico-coladonato-assolutamente-no\/"},"modified":"2013-03-12T04:05:18","modified_gmt":"2013-03-12T04:05:18","slug":"menico-coladonato-assolutamente-no","status":"publish","type":"post","link":"https:\/\/archivioturi.lavocedelpaese.info\/index.php\/2013\/03\/12\/menico-coladonato-assolutamente-no\/","title":{"rendered":"Menico Coladonato: \u201cAssolutamente no!\u201d"},"content":{"rendered":"<p style=\"text-align: justify;\"><img loading=\"lazy\" decoding=\"async\" class=\" size-full wp-image-10788\" src=\"https:\/\/archivioturi.lavocedelpaese.info\/wp-content\/uploads\/2013\/03\/coladonato-rotated.jpg\" width=\"320\" height=\"150\" alt=\"coladonato\" style=\"margin: 0px 3px;\" \/><\/p>\n<p style=\"text-align: justify;\">Il movimento politico &#8220;Impegno per Turi&#8221; ha nominato qualche settimana fa i nuovi coordinatori del direttivo. Pietro Camposeo, gi\u00e0 addetto stampa del movimento, ne \u00e8 divenuto neo coordinatore. Il nostro pensiero, e non solo il nostro, \u00e8 volato subito a Menico Coladonato. L\u2019ex coordinatore dov\u2019\u00e8 andato? Il silenzioso cambio nasconde qualche malumore? L\u2019abbiamo cos\u00ec cercato per comprendere meglio il percorso in atto.<\/p>\n<p style=\"text-align: justify;\">Menico, ci sono stati problemi con il movimento &#8220;Impegno per Turi&#8221;?<\/p>\n<p style=\"text-align: justify;\">\u201cAssolutamente no \u2013 chiarisce in modo deciso Coladonato \u2013 nessun problema fra me e il movimento. Quanto accaduto \u00e8 il naturale percorso che &#8220;Impegno per Turi&#8221; si era prefissato di seguire.\u201d<\/p>\n<p style=\"text-align: justify;\">Siamo nel bel mezzo di una chiacchierata appassionate. \u201cQuando ho accettato l\u2019incarico di coordinatore &#8211; rivela &#8211; avevo preannunciato che il mio ruolo sarebbe stato pro-tempore con il fine di traghettare il movimento nel periodo postelettorale.\u201d<\/p>\n<p style=\"text-align: justify;\">Dunque Menico \u00e8 ancora &#8220;impeganto per Turi&#8221;?<\/p>\n<p style=\"text-align: justify;\">\u201cCerto &#8211; non ha dubbi Coladonato &#8211; Nel recentissimo periodo solo l\u2019influenza mi ha tenuto un po\u2019 lontano.\u201d<\/p>\n<p style=\"text-align: justify;\">Tuttavia nel Consiglio Comunale Rocco Birardi ha dimostrato pi\u00f9 volte di non essere in sintonia con il gruppo? \u201cBirardi \u00e8 parte dell\u2019opposizione, anche se non \u00e8 pienamente integrato nel nostro movimento.\u201d<\/p>\n<p style=\"text-align: justify;\">Durante la formazione delle liste la sua figura scaten\u00f2 non pochi dubbi. Fu una scelta funzionale alla vittoria? \u201cCome movimento abbiamo discusso a lungo. Rocco Birardi \u00e8 una persona con cui si pu\u00f2 dialogare e ci siamo ritrovati sui punti programmatici. Lui rappresenta Quagliariello\u2026\u201d.<\/p>\n<p style=\"text-align: justify;\">Cambiamo argomento. Elezioni politiche. Com\u2019\u00e8 andata? \u201c\u00c8 evidente la vittoria di Grillo\u201d.<\/p>\n<p style=\"text-align: justify;\">Il MoVimento 5 Stelle e il movimento Impegno per Turi nel loro rapporto con i partiti non le pare abbiano molte similitudini? \u201cSi, lo slancio \u00e8 uguale. Tuttavia credo che il M5S sia finalizzato a raccogliere e sintetizzare la protesta e il malcontento generale. Il voto delle politiche mi ha deluso&#8221;.<\/p>\n<p style=\"text-align: justify;\">Menico ci confida di aver votato per Ingroia &#8211; &#8220;Quello che \u00e8 mancato in Italia \u00e8 stato il voto etico\u201d.<\/p>\n<p style=\"text-align: justify;\">Il M5S, un po\u2019 come ha fatto il movimento di Mercieri, non riconosce come interlocutori i partiti, privilegiando l\u2019analisi delle persone. Ci\u00f2 stato un errore oppure nel futuro si cambier\u00e0 questa linea? \u201cPrevedere il futuro \u00e8 difficile. Sicuramente gli errori commessi vanno evitati\u201d.<\/p>\n<p style=\"text-align: justify;\">Prevede che ci possano essere possibilit\u00e0 che la vita di questa amministrazione abbia termine prima del suo naturale mandato? \u201cIn verit\u00e0 \u2013 ci pensa bene Menico \u2013 ritengo che se ci fossero momenti di crisi all\u2019interno della maggioranza, le convergenze degli interessi comuni avranno la priorit\u00e0, come gi\u00e0 accaduto con Gigantelli\u201d.<\/p>\n","protected":false},"excerpt":{"rendered":"<p style=\"text-align: justify;\"><img loading=\"lazy\" decoding=\"async\" class=\" size-full wp-image-10788\" src=\"https:\/\/archivioturi.lavocedelpaese.info\/wp-content\/uploads\/2013\/03\/coladonato-rotated.jpg\" width=\"320\" height=\"150\" alt=\"coladonato\" style=\"margin: 0px 3px;\" \/><\/p>\n","protected":false},"author":1,"featured_media":10788,"comment_status":"open","ping_status":"closed","sticky":false,"template":"","format":"standard","meta":{"colormag_page_container_layout":"default_layout","colormag_page_sidebar_layout":"default_layout","footnotes":""},"categories":[4],"tags":[],"class_list":["post-10789","post","type-post","status-publish","format-standard","has-post-thumbnail","hentry","category-politica"],"_links":{"self":[{"href":"https:\/\/archivioturi.lavocedelpaese.info\/index.php\/wp-json\/wp\/v2\/posts\/10789","targetHints":{"allow":["GET"]}}],"collection":[{"href":"https:\/\/archivioturi.lavocedelpaese.info\/index.php\/wp-json\/wp\/v2\/posts"}],"about":[{"href":"https:\/\/archivioturi.lavocedelpaese.info\/index.php\/wp-json\/wp\/v2\/types\/post"}],"author":[{"embeddable":true,"href":"https:\/\/archivioturi.lavocedelpaese.info\/index.php\/wp-json\/wp\/v2\/users\/1"}],"replies":[{"embeddable":true,"href":"https:\/\/archivioturi.lavocedelpaese.info\/index.php\/wp-json\/wp\/v2\/comments?post=10789"}],"version-history":[{"count":0,"href":"https:\/\/archivioturi.lavocedelpaese.info\/index.php\/wp-json\/wp\/v2\/posts\/10789\/revisions"}],"wp:featuredmedia":[{"embeddable":true,"href":"https:\/\/archivioturi.lavocedelpaese.info\/index.php\/wp-json\/wp\/v2\/media\/10788"}],"wp:attachment":[{"href":"https:\/\/archivioturi.lavocedelpaese.info\/index.php\/wp-json\/wp\/v2\/media?parent=10789"}],"wp:term":[{"taxonomy":"category","embeddable":true,"href":"https:\/\/archivioturi.lavocedelpaese.info\/index.php\/wp-json\/wp\/v2\/categories?post=10789"},{"taxonomy":"post_tag","embeddable":true,"href":"https:\/\/archivioturi.lavocedelpaese.info\/index.php\/wp-json\/wp\/v2\/tags?post=10789"}],"curies":[{"name":"wp","href":"https:\/\/api.w.org\/{rel}","templated":true}]}}