{"id":10785,"date":"2013-03-12T13:55:35","date_gmt":"2013-03-12T13:55:35","guid":{"rendered":"https:\/\/archivioturi.lavocedelpaese.info\/index.php\/2013\/03\/12\/soluzioni-ai-boc\/"},"modified":"2013-03-12T13:55:35","modified_gmt":"2013-03-12T13:55:35","slug":"soluzioni-ai-boc","status":"publish","type":"post","link":"https:\/\/archivioturi.lavocedelpaese.info\/index.php\/2013\/03\/12\/soluzioni-ai-boc\/","title":{"rendered":"Soluzioni ai B.O.C.?"},"content":{"rendered":"<p style=\"text-align: justify;\"><img loading=\"lazy\" decoding=\"async\" class=\" size-full wp-image-10784\" src=\"https:\/\/archivioturi.lavocedelpaese.info\/wp-content\/uploads\/2013\/03\/municipio.JPG\" width=\"320\" height=\"151\" alt=\"municipio\" style=\"margin: 0px 3px;\" srcset=\"https:\/\/archivioturi.lavocedelpaese.info\/wp-content\/uploads\/2013\/03\/municipio.JPG 640w, https:\/\/archivioturi.lavocedelpaese.info\/wp-content\/uploads\/2013\/03\/municipio-300x141.jpg 300w\" sizes=\"auto, (max-width: 320px) 100vw, 320px\" \/><\/p>\n<p style=\"text-align: justify;\">Un periodo tra i pi\u00f9 difficili che la storia moderna possa ricordare. Giorno dopo giorno le notizie diventano sempre pi\u00f9 sconfortanti, quasi ad indicare il declino inesorabile di una grande nazione. Una grande nazione perch\u00e9 l\u2019Italia \u00e8 stata la culla della societ\u00e0 e perch\u00e9 l\u2019Italia \u00e8 la storia del mondo.<\/p>\n<p style=\"text-align: justify;\">Viviamo per\u00f2 ormai di soli ricordi. Il comune denominatore \u00e8 il totale sconforto verso tutto quello che circonda il nostro quotidiano. C\u2019\u00e8 voglia di rinnovare, di un riscatto sociale, ma sembra che non ci siano le forze per avviare il processo.<\/p>\n<p style=\"text-align: justify;\">Pochi giorni fa i cittadini hanno dato un segnale forte di cambiamento. Il miracolo Italiano degli anni \u201960 perch\u00e9 dovrebbe essere solo un bello e nostalgico ricordo isolato? Non siamo pi\u00f9 in grado di poterlo ripetere, magari con un\u2019enfasi maggiore e con risultati ancor pi\u00f9 sorprendenti?<\/p>\n<p style=\"text-align: justify;\">Probabilmente, il riscatto potrebbe iniziare dalle piccole realt\u00e0 come i comuni. L\u2019inizio di un nuovo cammino che parta dal basso e che sia rivolto verso mete molto ambiziose, verso il riscatto che tutti noi vogliamo.<\/p>\n<p style=\"text-align: justify;\">\u00c8 slogan comune di tutte le Amministrazioni enunciare, davanti a qualsiasi richiesta dei cittadini, l\u2019impossibilit\u00e0 di poter intervenire perch\u00e9 <em>non ci sono pi\u00f9 soldi<\/em>.<\/p>\n<p style=\"text-align: justify;\">Poche settimane fa a Turi \u00e8 crollata la facciata di un edificio del centro storico del nostro paese. L\u2019Amministrazione, chiamata a rispondere sulle cause, ha giustificato il mancato ritardo di interventi per via della grande crisi. In progetto, per\u00f2, c\u2019\u00e8 un recupero del centro storico, delle agevolazioni per l\u2019apertura di attivit\u00e0 commerciali ed altre iniziative similari al vaglio dell\u2019amministrazione. Ultima giustificazione, ma molto importante, \u00e8 che c\u2019\u00e8 anche un enorme debito che le casse comunali devono rimborsare annualmente: i famosi B.O.C.<\/p>\n<p style=\"text-align: justify;\">Una delle cause principali del male di Turi dovrebbe essere il dott. De Grisantis. \u00c8 stato il suo governo a condannare il paese a pagare per tanti anni centinaia di migliaia di euro. L\u2019ex sindaco in pi\u00f9 occasioni ha ribadito la bont\u00e0 di tale atto perch\u00e9 con quella operazione si \u00e8 riusciti a far risparmiare in termini di interessi passivi tanti soldi e, in ogni caso, il vero obiettivo era quello di eliminare del tutto o in buona parte l\u2019intero ammontare dei debiti che gravavano sulle casse comunali gi\u00e0 da molto prima che la sua Amministrazione si insediasse.<\/p>\n<p style=\"text-align: justify;\">Dal momento che il Comune per\u00f2 non aveva liquidit\u00e0 per poter risolvere il tutto, l\u2019alternativa era vendere il proprio patrimonio. Il primo atto successivo alla sottoscrizione dei B.O.C., infatti, fu quello di regolarizzare le modalit\u00e0 tramite le quali si sarebbe potuto vendere le propriet\u00e0 comunali.<\/p>\n<p style=\"text-align: justify;\">Le Amministrazioni successive, al contrario, hanno ritenuto pi\u00f9 semplice continuare a pagare le rate dei B.O.C. con i soldi dei cittadini, piuttosto che trovare ulteriori possibili alternative che veicolino uno sviluppo economico del paese. E cos\u00ec, solo per fare qualche esempio, l\u2019istituzione di una zona P.I.P., sembra essere fantascienza. La creazione di un polo commerciale diventa un\u2019impresa impossibile per un piccolo paese agricolo come Turi. Molto pi\u00f9 semplice aumentare le tasse. Cercare di incassare i soldi evasi negli anni precedenti, utilizzando gli stratagemmi pi\u00f9 bizzarri per massimizzare i ricavi; cementificare il paese per accontentare le casse del Comune e non solo. Ma scervellarsi per sviluppare il paese questo no, mai. Ancor pi\u00f9 sconcertante se si pensa che come Turi, tanti altri comuni hanno situazioni simili.<\/p>\n<p style=\"text-align: justify;\">Idee per rendere il Sud una terra di opportunit\u00e0 vengono bollate come &#8220;bieco populismo&#8221;. Simili possibilit\u00e0 non sono alla nostra portata. Il Mezzogiorno \u00e8 destinato a rimanere &#8220;terra di niente&#8221;.<\/p>\n<p style=\"text-align: justify;\">Intanto la disoccupazione dilaga, i soldi diminuiscono mentre aumentano le tasse, la protesta continua a divenire sempre pi\u00f9 evidente e nulla si muove. Parole, promesse irrealizzabili, clientelismo, irresponsabilit\u00e0 dilagante, livello di povert\u00e0 sempre pi\u00f9 pericoloso.<\/p>\n<p style=\"text-align: justify;\">E tutto questo mentre ricordiamo che l\u2019Italia \u00e8 stata la capitale dell\u2019impero pi\u00f9 grande e prosperoso che la storia abbia mai avuto.<\/p>\n","protected":false},"excerpt":{"rendered":"<p style=\"text-align: justify;\"><img loading=\"lazy\" decoding=\"async\" class=\" size-full wp-image-10784\" src=\"https:\/\/archivioturi.lavocedelpaese.info\/wp-content\/uploads\/2013\/03\/municipio.JPG\" width=\"320\" height=\"151\" alt=\"municipio\" style=\"margin: 0px 3px;\" srcset=\"https:\/\/archivioturi.lavocedelpaese.info\/wp-content\/uploads\/2013\/03\/municipio.JPG 640w, https:\/\/archivioturi.lavocedelpaese.info\/wp-content\/uploads\/2013\/03\/municipio-300x141.jpg 300w\" sizes=\"auto, (max-width: 320px) 100vw, 320px\" \/><\/p>\n","protected":false},"author":1,"featured_media":10784,"comment_status":"open","ping_status":"closed","sticky":false,"template":"","format":"standard","meta":{"colormag_page_container_layout":"default_layout","colormag_page_sidebar_layout":"default_layout","footnotes":""},"categories":[4],"tags":[],"class_list":["post-10785","post","type-post","status-publish","format-standard","has-post-thumbnail","hentry","category-politica"],"_links":{"self":[{"href":"https:\/\/archivioturi.lavocedelpaese.info\/index.php\/wp-json\/wp\/v2\/posts\/10785","targetHints":{"allow":["GET"]}}],"collection":[{"href":"https:\/\/archivioturi.lavocedelpaese.info\/index.php\/wp-json\/wp\/v2\/posts"}],"about":[{"href":"https:\/\/archivioturi.lavocedelpaese.info\/index.php\/wp-json\/wp\/v2\/types\/post"}],"author":[{"embeddable":true,"href":"https:\/\/archivioturi.lavocedelpaese.info\/index.php\/wp-json\/wp\/v2\/users\/1"}],"replies":[{"embeddable":true,"href":"https:\/\/archivioturi.lavocedelpaese.info\/index.php\/wp-json\/wp\/v2\/comments?post=10785"}],"version-history":[{"count":0,"href":"https:\/\/archivioturi.lavocedelpaese.info\/index.php\/wp-json\/wp\/v2\/posts\/10785\/revisions"}],"wp:featuredmedia":[{"embeddable":true,"href":"https:\/\/archivioturi.lavocedelpaese.info\/index.php\/wp-json\/wp\/v2\/media\/10784"}],"wp:attachment":[{"href":"https:\/\/archivioturi.lavocedelpaese.info\/index.php\/wp-json\/wp\/v2\/media?parent=10785"}],"wp:term":[{"taxonomy":"category","embeddable":true,"href":"https:\/\/archivioturi.lavocedelpaese.info\/index.php\/wp-json\/wp\/v2\/categories?post=10785"},{"taxonomy":"post_tag","embeddable":true,"href":"https:\/\/archivioturi.lavocedelpaese.info\/index.php\/wp-json\/wp\/v2\/tags?post=10785"}],"curies":[{"name":"wp","href":"https:\/\/api.w.org\/{rel}","templated":true}]}}