{"id":10768,"date":"2013-03-04T15:31:28","date_gmt":"2013-03-04T15:31:28","guid":{"rendered":"https:\/\/archivioturi.lavocedelpaese.info\/index.php\/2013\/03\/04\/non-basta-essere-grillini\/"},"modified":"2013-03-04T15:31:28","modified_gmt":"2013-03-04T15:31:28","slug":"non-basta-essere-grillini","status":"publish","type":"post","link":"https:\/\/archivioturi.lavocedelpaese.info\/index.php\/2013\/03\/04\/non-basta-essere-grillini\/","title":{"rendered":"Non basta essere grillini&#8230;"},"content":{"rendered":"<p style=\"text-align: justify;\"><img loading=\"lazy\" decoding=\"async\" class=\" size-full wp-image-9479\" src=\"https:\/\/archivioturi.lavocedelpaese.info\/wp-content\/uploads\/2012\/06\/rifondazione-resta.jpg\" width=\"318\" height=\"150\" alt=\"rifondazione-resta\" style=\"margin: 0px 3px;\" \/><\/p>\n<p style=\"text-align: justify;\">Le bandiere sono ammainate. I musi sono imbronciati. In una sola tornata elettorale, sono spariti tutti i partiti della coalizione di Ingroia. Non \u00e8 chiaro se la colpa \u00e8 pi\u00f9 del leader o dei singoli partiti. Di sicuro l&#8217;esperienza con la Sinistra Arcobaleno \u00e8 stata di scarso insegnamento. Ora bisogner\u00e0 ricominciare tutto da capo, per ricostruire l&#8217;ala spezzata e pi\u00f9 radicale della sinistra italiana. Filippo Losacco, segretario di Rifondazione Comunista, ha risposto alle nostre domande, offrendo pi\u00f9 spunti di riflessione e letture del risultato elettorale.<\/p>\n<p style=\"text-align: justify;\"><strong>Come valuta il risultato elettorale di Ingroia a Turi?<\/strong><\/p>\n<p style=\"text-align: justify;\">&#8220;Il risultato elettorale turese, pur superiore rispetto a quello della Sinistra Arcobaleno di cinque anni, \u00e8 comunque inferiore alle aspettative, senza dubbio. Il progetto politico costruito attorno alla nobile figura di Ingroia non \u00e8 stato capace di intercettare pienamente il sentimento comune di ostilit\u00e0 verso certe forme della politica. Non \u00e8 questione di urlare, alla maniera di Grillo, ma di avviare un serio processo di partecipazione e democrazia interna che \u00e8 stato troppo limitato.<\/p>\n<p style=\"text-align: justify;\">&nbsp;Ci siamo mossi tardi e male. Anche perch\u00e9 c\u2019era chi pensava a chiedere poltrone ai partiti pi\u00f9 grandi, piuttosto che costruire un progetto alternativo. Ad ogni modo, questo risultato deve rappresentare uno stimolo a fare di pi\u00f9 e meglio. Resta il bisogno forte di cambiare radicalmente il modo di far politica. Non credo alla morte dei partiti, specie se poi chi lo grida in questi giorni si sta comportando come il peggiore dei segretari di partito, decidendo praticamente tutto da solo.<\/p>\n<p style=\"text-align: justify;\">Certo,&nbsp; i partiti devono cambiare, pure molto. Devono attivare meccanismi trasparenti di selezione dei candidati e di gestione del potere, costituire con esempi vivi e non a parole una testimonianza di impegno e servizio per la comunit\u00e0.<\/p>\n<p style=\"text-align: justify;\">Insomma, non bisogna essere grillini per sentire fortissima l\u2019esigenza di pulizia e di rinnovamento. Il problema \u00e8 che non credo agli eroi, ma alla forza dei collettivi&#8221;.<\/p>\n<p style=\"text-align: justify;\"><strong>Vendola \u00e8 rimasto al 3%. La sinistra ha bisogno di un altro leader capace di unire tutte le forze?<\/strong><\/p>\n<p style=\"text-align: justify;\">&#8220;Vendola, purtroppo, in questi anni non ha lavorato all\u2019unit\u00e0 della sinistra. Ha diviso Rifondazione il giorno dopo la sua mancata elezione a segretario. Ha inseguito il PD lasciandosi alle spalle movimenti, pezzi di sindacato, soggettivit\u00e0 importanti. Per cosa? Quale punto programmatico ha strappato al Pd, alleandosi? Nessuno.<\/p>\n<p style=\"text-align: justify;\">Vendola \u00e8 rimasto prigioniero di una contraddizione, secondo noi. Se vuoi rivedere la riforma delle pensioni della Fornero, ripristinare l\u2019art. 18, rigettare il fiscal compact, introdurre un reddito minimo, tassare i grossi patrimoni non puoi firmare una carta d\u2019intenti che ti impone di accettare tutto il contrario. Un conto \u00e8 costruire un\u2019alleanza, un altro \u00e8 cedere la propria autonomia. Nei rapporti tra Sel e Pd \u00e8 del tutto evidente che la subalternit\u00e0 di SEL \u00e8 tale che non sorprenderebbe una sua fusione nel Pd a breve. Serve una sinistra capace di dialogare con le altre forze, ma con un proprio punto di vista, autonomo.&nbsp; E usciamo pure dall\u2019equivoco del partito ideologico, di protesta. Non esiste un partito che non intenda governare. E la storia di Rifondazione Comunista \u00e8 quella di un partito che ci ha provato piu volte nel passato, anche con soggetti molto lontani dal nostro punto di vista, ma i risultati sono stati deprimenti, per tante ragioni.<\/p>\n<p style=\"text-align: justify;\">La sinistra ha bisogno di tornare a parlare alla gente, non ai mercati. Parlare di lavoro, di ospedali che chiudono, di scuole che cadono a pezzi, di diritti cancellati in nome di cosa? Della stabilit\u00e0 di chi? Delle banche forse, non certo delle esistenze individuali.<\/p>\n<p style=\"text-align: justify;\">Serve una sinistra che sappia appassionare, costruire un sentiero nuovo da percorrere.&nbsp; Il lavoro, i diritti, l\u2019ambiente, le pensioni, la scuola e sanit\u00e0 pubblica non possono diventare costi da tagliare, ma risorse per costruire il futuro e dare dignit\u00e0 al presente di una comunit\u00e0.<\/p>\n<p style=\"text-align: justify;\">Ci manca il leader? Non credo. Ci sono tante personalit\u00e0 capaci di riaccendere l\u2019entusiasmo, ridare fiato ai bisogni e le istanze della gente comune. Penso a Landini, ad esempio. Ma non solo a lui. C\u2019\u00e8 bisogno di un leader, certo. Ma soprattutto c\u2019\u00e8 bisogno di sinistra&#8221;.<\/p>\n<p style=\"text-align: justify;\"><strong>Una valutazione politica della maggioranza e una valutazione politica dell&#8217;opposizione Turese?<\/strong><\/p>\n<p style=\"text-align: justify;\">&#8220;Basterebbe assistere ad un solo consiglio comunale per comprendere la maggioranza comunale a Turi. Nel migliore dei casi, abbiamo una giunta silente. Facce pulite, simpatiche anche, ma silenti. Ogni tanto succede che&nbsp; qualcuno parli e quello \u00e8 il momento in cui rimpiangi il silenzio.<\/p>\n<p style=\"text-align: justify;\">Avevano promesso consulte, partecipazione dal basso, apertura. Hanno alzato il carico fiscale&nbsp; senza alcuna considerazione delle proposte dell\u2019opposizione che chiedeva giustamente una maggiore progressivit\u00e0 per tutelare i ceti piu deboli. Niente. Turi merita molto di pi\u00f9.<\/p>\n<p style=\"text-align: justify;\">L\u2019opposizione merita una riflessione piu attenta. Siamo convinti che le basi per i futuri successi elettorali si costruiscano attraverso il lavoro dell\u2019opposizione. Un\u2019opposizione che ha un compito ben pi\u00f9 ampio della rappresentazione in consiglio comunale di un altro punto di vista. Vogliamo battere la destra. Tutti. E tutti parliamo di unit\u00e0. Rifondazione Comunista, contrariamente a quanto si pensi, non \u00e8 contraria all\u2019unit\u00e0, anzi. Il punto \u00e8 che l\u2019unit\u00e0 si costruisce per tempo, progettando insieme, avviando un processo di partecipazione e inclusione serio e sano. Unirsi a due mesi dalle elezioni non serve se non a fare l\u2019ennesima conta di pacchetti di voti. La prova muscolare con la destra a Turi non funziona. Dalla loro hanno una tradizione culturale e molti piu soldi. Serve la politica. Quella vera.<\/p>\n<p style=\"text-align: justify;\">Abbiamo espresso pi\u00f9 volte il desiderio di vedere le opposizioni unite in un lavoro comune, quelle in consiglio comunale assieme alle altre forze non rappresentante.<\/p>\n<p style=\"text-align: justify;\">\u00c8 necessario, direi urgente, fare in modo che Impegno per Turi, SEL, ma anche il Partito democratico, Rifondazione Comunista, gli stessi nuovi rappresentanti del movimento cinque stelle, assieme ai tanti cittadini che hanno tanto da dire e dare, costruiscano adesso lo spazio di discussione e azione condiviso per arrivare uniti, organici e forti a costruire la lista elettorale in seguito.&nbsp; La lista elettorale vincente e sana \u00e8 il punto di arrivo di un processo.&nbsp;<\/p>\n<p style=\"text-align: justify;\">Questa \u00e8 l\u2019unit\u00e0 che auspichiamo e per la quale vogliamo lavorare.<\/p>\n<p style=\"text-align: justify;\">La nostra iniziativa sulla citt\u00e0 metropolitana, in cui tutte le forze sono state invitate per una discussione collettiva e pubblica, intendeva tracciare questa strada.<\/p>\n<p style=\"text-align: justify;\">Dobbiamo fare questo. Non solo se vogliamo aspirare ad una vittoria elettorale, ma se vogliamo sentirci veramente capaci di costruire un progetto per questa comunit\u00e0&#8221;.<\/p>\n<p style=\"text-align: justify;\"><strong>Pensa che il risultato elettorale possa determinare scosse nell&#8217;assetto della maggioranza e del consiglio comunale?<\/strong><\/p>\n<p style=\"text-align: justify;\">&#8220;Mah non credo. Il patto fondativo di questa maggioranza non \u00e8 tra partiti, ma tra due persone. Lo sappiamo bene tutti. Finch\u00e9 riterranno utile e conveniente conservare quel patto, lo faranno. Cascasse il mondo, lo faranno. Che questo rappresenti un bene per Turi, \u00e8 evidentemente discutibile&#8221;.<\/p>\n<p align=\"center\" style=\"text-align: justify;\"><strong>&nbsp;<\/strong><\/p>\n","protected":false},"excerpt":{"rendered":"<p style=\"text-align: justify;\"><img loading=\"lazy\" decoding=\"async\" class=\" size-full wp-image-9479\" src=\"https:\/\/archivioturi.lavocedelpaese.info\/wp-content\/uploads\/2012\/06\/rifondazione-resta.jpg\" width=\"318\" height=\"150\" alt=\"rifondazione-resta\" style=\"margin: 0px 3px;\" \/><\/p>\n","protected":false},"author":1,"featured_media":9479,"comment_status":"open","ping_status":"closed","sticky":false,"template":"","format":"standard","meta":{"colormag_page_container_layout":"default_layout","colormag_page_sidebar_layout":"default_layout","footnotes":""},"categories":[4],"tags":[],"class_list":["post-10768","post","type-post","status-publish","format-standard","has-post-thumbnail","hentry","category-politica"],"_links":{"self":[{"href":"https:\/\/archivioturi.lavocedelpaese.info\/index.php\/wp-json\/wp\/v2\/posts\/10768","targetHints":{"allow":["GET"]}}],"collection":[{"href":"https:\/\/archivioturi.lavocedelpaese.info\/index.php\/wp-json\/wp\/v2\/posts"}],"about":[{"href":"https:\/\/archivioturi.lavocedelpaese.info\/index.php\/wp-json\/wp\/v2\/types\/post"}],"author":[{"embeddable":true,"href":"https:\/\/archivioturi.lavocedelpaese.info\/index.php\/wp-json\/wp\/v2\/users\/1"}],"replies":[{"embeddable":true,"href":"https:\/\/archivioturi.lavocedelpaese.info\/index.php\/wp-json\/wp\/v2\/comments?post=10768"}],"version-history":[{"count":0,"href":"https:\/\/archivioturi.lavocedelpaese.info\/index.php\/wp-json\/wp\/v2\/posts\/10768\/revisions"}],"wp:featuredmedia":[{"embeddable":true,"href":"https:\/\/archivioturi.lavocedelpaese.info\/index.php\/wp-json\/wp\/v2\/media\/9479"}],"wp:attachment":[{"href":"https:\/\/archivioturi.lavocedelpaese.info\/index.php\/wp-json\/wp\/v2\/media?parent=10768"}],"wp:term":[{"taxonomy":"category","embeddable":true,"href":"https:\/\/archivioturi.lavocedelpaese.info\/index.php\/wp-json\/wp\/v2\/categories?post=10768"},{"taxonomy":"post_tag","embeddable":true,"href":"https:\/\/archivioturi.lavocedelpaese.info\/index.php\/wp-json\/wp\/v2\/tags?post=10768"}],"curies":[{"name":"wp","href":"https:\/\/api.w.org\/{rel}","templated":true}]}}