{"id":10759,"date":"2013-03-07T04:52:24","date_gmt":"2013-03-07T04:52:24","guid":{"rendered":"https:\/\/archivioturi.lavocedelpaese.info\/index.php\/2013\/03\/07\/appuntamento-con-la-donazione\/"},"modified":"2013-03-07T04:52:24","modified_gmt":"2013-03-07T04:52:24","slug":"appuntamento-con-la-donazione","status":"publish","type":"post","link":"https:\/\/archivioturi.lavocedelpaese.info\/index.php\/2013\/03\/07\/appuntamento-con-la-donazione\/","title":{"rendered":"Appuntamento con la donazione"},"content":{"rendered":"<p style=\"text-align: justify;\"><img loading=\"lazy\" decoding=\"async\" class=\" size-full wp-image-10609\" src=\"https:\/\/archivioturi.lavocedelpaese.info\/wp-content\/uploads\/2013\/01\/Fidas-turi.jpg\" width=\"320\" height=\"150\" alt=\"Fidas-turi\" style=\"margin: 0px 3px;\" srcset=\"https:\/\/archivioturi.lavocedelpaese.info\/wp-content\/uploads\/2013\/01\/Fidas-turi.jpg 320w, https:\/\/archivioturi.lavocedelpaese.info\/wp-content\/uploads\/2013\/01\/Fidas-turi-300x141.jpg 300w\" sizes=\"auto, (max-width: 320px) 100vw, 320px\" \/><\/p>\n<p style=\"text-align: justify;\">Il 10 marzo si avvicina, con un nuovo appuntamento per i donatori turesi invitati a partecipare alla giornata della donazione. Sempre presenti dalle 8.00 alle 11.30 presso il Poliambulatorio, la sezione Fidas Turi&nbsp; continua il suo progetto di solidariet\u00e0 ricordato nella serata del 3 febbraio durante la presentazione dell\u201cAntologia del Premio Turi\u201d.<\/p>\n<p style=\"text-align: justify;\">Una serata per ricordare chi, per il suo comportamento, l\u2019alto contributo culturale, le sue ideologie, le sue conquiste, ha portato lustro al nome della cittadina di Turi. Cos\u00ec, immersi nell\u2019affascinante scenario della dimora storica di Villa Menelao, a cura del Prof. Osvaldo Buonaccino D\u2019Addiego, si \u00e8 realizzata la presentazione del lavoro di ricerca e di raccolta che ha dato vita all\u2019Antologia del Premio Turi\u201d.<\/p>\n<p style=\"text-align: justify;\">A sedere tra le prime fila degli ospiti, il presidente della sezione turese della FIDAS \u2013 FPDS, Michele Troiano, invitato per ricordare alla cittadinanza e ai presenti l\u2019importante riconoscimento che la FIDAS di Turi, inizialmente A.Tu.Do.S ricevette per l\u2019anno 1993.<\/p>\n<p style=\"text-align: justify;\">Si tratt\u00f2 di un grande momento storico non solo per l\u2019associazione turese che come tale rappresentava, ma per l\u2019intera comunit\u00e0 che per la prima volta premiava non un singolo, bens\u00ec un\u2019unione di cittadini, di volontari, di donatori che con il loro gesto stavano diffondendo un importante principio umano, quello della solidariet\u00e0.<\/p>\n<p style=\"text-align: justify;\">Il Premio Turi, che, come leggiamo e ricordiamo attraverso le pagine del lavoro del prof. Buonaccino D\u2019Addiego, nacque nel lontano 1989 dalla volont\u00e0 dello stesso e del Presidente del Circolo Unione, Rino Valerio, per \u201cevidenziare gli esempi positivi\u201d della comunit\u00e0 turese che hanno operato all\u2019interno, come all\u2019esterno di essa, portando valore all\u2019intera cittadinanza. Da quella data, tante le personalit\u00e0 premiate e riconosciute a livello locale e non. Una svolta alle pagine storiche che si andavano scrivendo si ebbe proprio nel 1993 quando, \u201cper le benemerenze sociali e morali acquisite con la raccolta di sangue di cui ogni goccia si trasforma in altrettanti principi di vita e soprattutto per l\u2019alta lezione umana e civile offerta con il loro esempio di solidariet\u00e0 e volontariato\u201d fu premiata l\u2019associazione A.Tu.Do.S., oggi FIDAS.<\/p>\n<p style=\"text-align: justify;\">Dinanzi alle autorit\u00e0 civili del tempo, attraverso l\u2019opera degli associati, fu offerto al volontariato quel riconoscimento di amore verso gli altri, senza soffocamento materialistico. L\u2019azione degli associati, un\u2019opera anonima, volontaria, gratuita e periodica, avviata nel 1991 nella comunit\u00e0 turese raccolse il plauso dell\u2019intera cittadina per la gioia e la grande importanza che con essa si palesa per il prossimo.<\/p>\n<p style=\"text-align: justify;\">\u201cVoi rappresentate la punta di diamante per ogni cristiano e i provocatori di gioia, per ogni creatura degna dell\u2019appellativo di \u201cumani\u201d \u2013 cos\u00ec recitava al termine della sua relazione di premiazione il professor Matteo Pugliese.<\/p>\n<p style=\"text-align: justify;\">Oggi la sezione FIDAS di Turi, ancora grata dell\u2019importante riconoscimento ricevuto il 13 gennaio 1994 per il lavoro svolto nel \u201993, opera e s\u2019impegna quotidianamente per non deludere le attese di chi ha creduto e continua a credere nell\u2019essenziale messaggio di Dono incondizionato che questa trasmette e diffonde. Attraverso le parole del suo presidente Troiano, rappresentante dell\u2019intero gruppo di consiglieri e soci, si ringrazia quanti hanno condiviso le speranze e le gioie di quest\u2019opera di volontariato. Chi ha voluto stringere un \u201cpatto\u201d con esso o chi ha deciso di affacciarsi solo per qualche momento per partecipare al progetto del Dono perch\u00e9 ogni goccia raccolta \u00e8 vita per chi \u00e8 in lotta per averla.<\/p>\n","protected":false},"excerpt":{"rendered":"<p style=\"text-align: justify;\"><img loading=\"lazy\" decoding=\"async\" class=\" size-full wp-image-10609\" src=\"https:\/\/archivioturi.lavocedelpaese.info\/wp-content\/uploads\/2013\/01\/Fidas-turi.jpg\" width=\"320\" height=\"150\" alt=\"Fidas-turi\" style=\"margin: 0px 3px;\" srcset=\"https:\/\/archivioturi.lavocedelpaese.info\/wp-content\/uploads\/2013\/01\/Fidas-turi.jpg 320w, https:\/\/archivioturi.lavocedelpaese.info\/wp-content\/uploads\/2013\/01\/Fidas-turi-300x141.jpg 300w\" sizes=\"auto, (max-width: 320px) 100vw, 320px\" \/><\/p>\n","protected":false},"author":1,"featured_media":10609,"comment_status":"open","ping_status":"closed","sticky":false,"template":"","format":"standard","meta":{"colormag_page_container_layout":"default_layout","colormag_page_sidebar_layout":"default_layout","footnotes":""},"categories":[7],"tags":[],"class_list":["post-10759","post","type-post","status-publish","format-standard","has-post-thumbnail","hentry","category-attualita"],"_links":{"self":[{"href":"https:\/\/archivioturi.lavocedelpaese.info\/index.php\/wp-json\/wp\/v2\/posts\/10759","targetHints":{"allow":["GET"]}}],"collection":[{"href":"https:\/\/archivioturi.lavocedelpaese.info\/index.php\/wp-json\/wp\/v2\/posts"}],"about":[{"href":"https:\/\/archivioturi.lavocedelpaese.info\/index.php\/wp-json\/wp\/v2\/types\/post"}],"author":[{"embeddable":true,"href":"https:\/\/archivioturi.lavocedelpaese.info\/index.php\/wp-json\/wp\/v2\/users\/1"}],"replies":[{"embeddable":true,"href":"https:\/\/archivioturi.lavocedelpaese.info\/index.php\/wp-json\/wp\/v2\/comments?post=10759"}],"version-history":[{"count":0,"href":"https:\/\/archivioturi.lavocedelpaese.info\/index.php\/wp-json\/wp\/v2\/posts\/10759\/revisions"}],"wp:featuredmedia":[{"embeddable":true,"href":"https:\/\/archivioturi.lavocedelpaese.info\/index.php\/wp-json\/wp\/v2\/media\/10609"}],"wp:attachment":[{"href":"https:\/\/archivioturi.lavocedelpaese.info\/index.php\/wp-json\/wp\/v2\/media?parent=10759"}],"wp:term":[{"taxonomy":"category","embeddable":true,"href":"https:\/\/archivioturi.lavocedelpaese.info\/index.php\/wp-json\/wp\/v2\/categories?post=10759"},{"taxonomy":"post_tag","embeddable":true,"href":"https:\/\/archivioturi.lavocedelpaese.info\/index.php\/wp-json\/wp\/v2\/tags?post=10759"}],"curies":[{"name":"wp","href":"https:\/\/api.w.org\/{rel}","templated":true}]}}