{"id":10751,"date":"2013-03-05T11:23:10","date_gmt":"2013-03-05T11:23:10","guid":{"rendered":"https:\/\/archivioturi.lavocedelpaese.info\/index.php\/2013\/03\/05\/nico-catalano-sui-risultati-elettorali\/"},"modified":"2013-03-05T11:23:10","modified_gmt":"2013-03-05T11:23:10","slug":"nico-catalano-sui-risultati-elettorali","status":"publish","type":"post","link":"https:\/\/archivioturi.lavocedelpaese.info\/index.php\/2013\/03\/05\/nico-catalano-sui-risultati-elettorali\/","title":{"rendered":"Nico Catalano sui risultati elettorali"},"content":{"rendered":"<p style=\"text-align: justify;\"><img loading=\"lazy\" decoding=\"async\" class=\" size-full wp-image-8541\" src=\"https:\/\/archivioturi.lavocedelpaese.info\/wp-content\/uploads\/2012\/03\/catalano1.jpg\" width=\"320\" height=\"150\" alt=\"catalano1\" style=\"margin: 0px 3px;\" srcset=\"https:\/\/archivioturi.lavocedelpaese.info\/wp-content\/uploads\/2012\/03\/catalano1.jpg 320w, https:\/\/archivioturi.lavocedelpaese.info\/wp-content\/uploads\/2012\/03\/catalano1-300x141.jpg 300w\" sizes=\"auto, (max-width: 320px) 100vw, 320px\" \/><\/p>\n<p style=\"text-align: justify;\"><strong>Come valuta il risultato di SEL a Turi ?&nbsp;<\/strong><br \/> In una situazione complessa da analizzare, in cui rispetto alle politiche del 2008 i due principali partiti PDL e PD passano rispettivamente dal 49 % al 32 %&nbsp; e il Pd dal 29% al 14 % dei voti, erosi sicuramente dallo&#8221; tzunami &#8220;5 stelle che&nbsp; a Turi raggiunge ben oltre&nbsp; il 23 % ; il risultato di SEL a Turi \u00e8 andato ben oltre la media Nazionale, Regionale e Provinciale del Partito, il circolo tutto&nbsp; ha lavorato bene, riconfermando ancora una volta di essere una delle poche&nbsp; realt\u00e0 in Italia dove SEL raggiunge percentuali tra l&#8217;otto ed il nove percento e nel contempo&nbsp; manifestando una certa tenuta e solidit\u00e0 politica.<br \/><strong>Vendola al 3% . La sinistra ha bisogno di un nuovo leader ?&nbsp;<\/strong><br \/> La sinistra non ha bisogno di leader, ha bisogno di essere Sinistra: di posizioni coerenti,nette e chiare, di prospettiva; non si pu\u00f2 pi\u00f9 andare avanti con i&#8221; bizantinismi&#8221;&nbsp; e con il &#8220;si ma anche&#8221; ; la coalizione PD-SEL non ha saputo intercettare il grido di dolore degli Italiani impoveriti dalle politiche di rigore del governo Monti peraltro bocciato dai cittadini nelle urne assieme ai partiti che lo sostenevano.Grillo ed il movimento 5 stelle hanno saputo intercettare le istanze degli Italiani ed hanno vinto le elezioni; l&#8217;elettorato&nbsp; che ha&nbsp; votato il movimento 5 stelle, \u00e8 composto nella stragrande maggioranza gente perbene, che vuole un ambiente pulito e sostenibile, mangiare cibi sani e derivati da processi produttivi rispettosi dei cicli ecologici, servizi pubblici come acqua,i trasporti e sanit\u00e0 efficenti e gratuiti, scuola ed universit\u00e0 pubblica&nbsp; non mortificata dai tagli, una seria lotta al precariato e&nbsp; la centralit\u00e0 del lavoro nell&#8217;azione politica, la riduzione delle spese militari e dei costi della politica, tutte tematiche care alla sinistra che sono state trascurate negli anni dalla stessa con leggerezza, perdendo&nbsp; tanti elettori a favore di Grillo e del suo movimento, questo fatto assieme alla mancanza di capacit\u00e0&nbsp; da parte della coalizione di centro sinistra di dettare l&#8217;agenda politica nazionale, anzich\u00e8 subire continuamente quella di Berlusconi e dello stesso Grillo, hanno decretato la debacle della coalizione. Mi auguro che la lezione sia salutare per togliere la testa dalla sabbia e guardare la da vicino la realt\u00e0, e&nbsp; mettere&nbsp; finalmente in atto modalit\u00e0 e prassi politiche concrete nei contenuti e foriere di partecipazione ed inclusione al fine di riconquistare la fiducia dei cittadini.<br \/><strong>Pensa che il risultato elettorale possa determinare scosse all&#8217;interno della maggioranza e del consiglio comunale ?&nbsp;<\/strong><br \/> Guardi il voto politico non si pu\u00f2 confrontare con il voto amministrativo comunale o regionale che sia, quello \u00e8 ben altra cosa;per\u00f2 rispetto alle politiche passate il PDL o il centro destra Turese&nbsp; pi\u00f9 in generale&nbsp; ne esce fortemente penalizzato, ridimensionato nei numeri ma anche inaspettatamente e per la prima volta dopo anni&nbsp; diviso e non pi\u00f9 riconducibile ad un unico &#8220;notabile&#8221; grazie&nbsp; all&#8217;ottimo successo a Turi della lista Monti, quello che bisogna capire \u00e8 se questa divisione \u00e8 frutto di&nbsp; scelte ideologiche differenti&nbsp; o \u00e8 manifesta&nbsp; volont\u00e0 da parte di qualcuno di cominciare a distinguersi ed a sfilarsi dall&#8217;operato insufficente di un amministrazione targata PDL.<\/p>\n","protected":false},"excerpt":{"rendered":"<p style=\"text-align: justify;\"><img loading=\"lazy\" decoding=\"async\" class=\" size-full wp-image-8541\" src=\"https:\/\/archivioturi.lavocedelpaese.info\/wp-content\/uploads\/2012\/03\/catalano1.jpg\" width=\"320\" height=\"150\" alt=\"catalano1\" style=\"margin: 0px 3px;\" srcset=\"https:\/\/archivioturi.lavocedelpaese.info\/wp-content\/uploads\/2012\/03\/catalano1.jpg 320w, https:\/\/archivioturi.lavocedelpaese.info\/wp-content\/uploads\/2012\/03\/catalano1-300x141.jpg 300w\" sizes=\"auto, (max-width: 320px) 100vw, 320px\" \/><\/p>\n","protected":false},"author":1,"featured_media":8541,"comment_status":"open","ping_status":"closed","sticky":false,"template":"","format":"standard","meta":{"colormag_page_container_layout":"default_layout","colormag_page_sidebar_layout":"default_layout","footnotes":""},"categories":[4],"tags":[],"class_list":["post-10751","post","type-post","status-publish","format-standard","has-post-thumbnail","hentry","category-politica"],"_links":{"self":[{"href":"https:\/\/archivioturi.lavocedelpaese.info\/index.php\/wp-json\/wp\/v2\/posts\/10751","targetHints":{"allow":["GET"]}}],"collection":[{"href":"https:\/\/archivioturi.lavocedelpaese.info\/index.php\/wp-json\/wp\/v2\/posts"}],"about":[{"href":"https:\/\/archivioturi.lavocedelpaese.info\/index.php\/wp-json\/wp\/v2\/types\/post"}],"author":[{"embeddable":true,"href":"https:\/\/archivioturi.lavocedelpaese.info\/index.php\/wp-json\/wp\/v2\/users\/1"}],"replies":[{"embeddable":true,"href":"https:\/\/archivioturi.lavocedelpaese.info\/index.php\/wp-json\/wp\/v2\/comments?post=10751"}],"version-history":[{"count":0,"href":"https:\/\/archivioturi.lavocedelpaese.info\/index.php\/wp-json\/wp\/v2\/posts\/10751\/revisions"}],"wp:featuredmedia":[{"embeddable":true,"href":"https:\/\/archivioturi.lavocedelpaese.info\/index.php\/wp-json\/wp\/v2\/media\/8541"}],"wp:attachment":[{"href":"https:\/\/archivioturi.lavocedelpaese.info\/index.php\/wp-json\/wp\/v2\/media?parent=10751"}],"wp:term":[{"taxonomy":"category","embeddable":true,"href":"https:\/\/archivioturi.lavocedelpaese.info\/index.php\/wp-json\/wp\/v2\/categories?post=10751"},{"taxonomy":"post_tag","embeddable":true,"href":"https:\/\/archivioturi.lavocedelpaese.info\/index.php\/wp-json\/wp\/v2\/tags?post=10751"}],"curies":[{"name":"wp","href":"https:\/\/api.w.org\/{rel}","templated":true}]}}