{"id":10719,"date":"2013-02-25T05:46:31","date_gmt":"2013-02-25T05:46:31","guid":{"rendered":"https:\/\/archivioturi.lavocedelpaese.info\/index.php\/2013\/02\/25\/lauser-sposa-la-giusta-causa\/"},"modified":"2013-02-25T05:46:31","modified_gmt":"2013-02-25T05:46:31","slug":"lauser-sposa-la-giusta-causa","status":"publish","type":"post","link":"https:\/\/archivioturi.lavocedelpaese.info\/index.php\/2013\/02\/25\/lauser-sposa-la-giusta-causa\/","title":{"rendered":"L\u2019Auser sposa la giusta causa"},"content":{"rendered":"<p style=\"text-align: justify;\"><img loading=\"lazy\" decoding=\"async\" class=\" size-full wp-image-9826\" src=\"https:\/\/archivioturi.lavocedelpaese.info\/wp-content\/uploads\/2012\/07\/Auser-insieme-per-turi.jpg\" width=\"320\" height=\"150\" alt=\"Auser-insieme-per-turi\" style=\"margin: 0px 3px;\" srcset=\"https:\/\/archivioturi.lavocedelpaese.info\/wp-content\/uploads\/2012\/07\/Auser-insieme-per-turi.jpg 320w, https:\/\/archivioturi.lavocedelpaese.info\/wp-content\/uploads\/2012\/07\/Auser-insieme-per-turi-300x141.jpg 300w\" sizes=\"auto, (max-width: 320px) 100vw, 320px\" \/><\/p>\n<p style=\"text-align: justify;\">Mercoled\u00ec&nbsp; 20 febbraio, alle ore 19,30, una numerosa delegazione di soci Auser \u00e8 stata ricevuta dal sindaco di Turi, dott. Onofrio Resta e da alcuni assessori del Comune.<\/p>\n<p style=\"text-align: justify;\">Il tema dell\u2019incontro riguardava la scadenza della concessione, in uso gratuito, del locale sito in piazza Chiesa n. 31, in cui si sono tenute fino ad oggi le attivit\u00e0 sociali e culturali dell\u2019Associazione.<\/p>\n<p style=\"text-align: justify;\">Detto locale, che gli stessi soci avevano provveduto a ripulire a loro spese, \u00e8 destinato ad ospitare le vetture di servizio dei carabinieri della locale stazione, pertanto ci era stato assegnato provvisoriamente con l\u2019impegno di restituirlo entro il 31 gennaio, in attesa di una sede pi\u00f9 adatta.<\/p>\n<p style=\"text-align: justify;\">In qualit\u00e0 di presidente dell\u2019Auser, sento il dovere di ringraziare il sindaco per la proroga concessaci per tutto il mese di febbraio e per la disponibilit\u00e0 mostrata nei nostri confronti; ho apprezzato il gesto di convocarci personalmente per metterci al corrente degli sviluppi della situazione relativa alla concessione dei locali di propriet\u00e0 del Comune alle associazioni operanti nel territorio.<\/p>\n<p style=\"text-align: justify;\">&nbsp;Nello stesso tempo, esprimo la mia solidariet\u00e0 (nonch\u00e9 perplessit\u00e0) per l\u2019incresciosa situazione che si \u00e8 venuta a creare a causa di una denuncia anonima all\u2019Intendenza di finanza: in seguito a questa denuncia, infatti, la Finanza ha chiesto all\u2019Amministrazione comunale di verificare lo stato attuale dei locali pubblici, e la loro destinazione d\u2019uso. Pertanto tutte le&nbsp; concessioni dovranno essere regolarizzate secondo parametri di pubblica utilit\u00e0, e, per quanto riguarda le associazioni, potranno concorrere all\u2019assegnazione dei locali disponibili, ad uso gratuito, sulla base di una apposita graduatoria.<\/p>\n<p style=\"text-align: justify;\">&nbsp;Durante l\u2019incontro il sindaco ha riconosciuto il ruolo svolto dalla nostra associazione come centro di aggregazione sociale operante nel territorio e ha avuto parole di elogio per l\u2019impegno profuso dal sottoscritto e da tutti i soci, assicurando il suo interessamento perch\u00e9 l\u2019Auser possa avere una sede adeguata alle tante attivit\u00e0 previste nello Statuto.<\/p>\n<p style=\"text-align: justify;\">La promessa che abbiamo letto nei futuri programmi del sindaco, mi spingono ad avere fiducia in una positiva soluzione e mi trasmettono l\u2019energia per continuare a condurre il gruppo dei soci che diventa sempre pi\u00f9 numeroso.<\/p>\n","protected":false},"excerpt":{"rendered":"<p style=\"text-align: justify;\"><img loading=\"lazy\" decoding=\"async\" class=\" size-full wp-image-9826\" src=\"https:\/\/archivioturi.lavocedelpaese.info\/wp-content\/uploads\/2012\/07\/Auser-insieme-per-turi.jpg\" width=\"320\" height=\"150\" alt=\"Auser-insieme-per-turi\" style=\"margin: 0px 3px;\" srcset=\"https:\/\/archivioturi.lavocedelpaese.info\/wp-content\/uploads\/2012\/07\/Auser-insieme-per-turi.jpg 320w, https:\/\/archivioturi.lavocedelpaese.info\/wp-content\/uploads\/2012\/07\/Auser-insieme-per-turi-300x141.jpg 300w\" sizes=\"auto, (max-width: 320px) 100vw, 320px\" \/><\/p>\n","protected":false},"author":1,"featured_media":9826,"comment_status":"open","ping_status":"closed","sticky":false,"template":"","format":"standard","meta":{"colormag_page_container_layout":"default_layout","colormag_page_sidebar_layout":"default_layout","footnotes":""},"categories":[7],"tags":[],"class_list":["post-10719","post","type-post","status-publish","format-standard","has-post-thumbnail","hentry","category-attualita"],"_links":{"self":[{"href":"https:\/\/archivioturi.lavocedelpaese.info\/index.php\/wp-json\/wp\/v2\/posts\/10719","targetHints":{"allow":["GET"]}}],"collection":[{"href":"https:\/\/archivioturi.lavocedelpaese.info\/index.php\/wp-json\/wp\/v2\/posts"}],"about":[{"href":"https:\/\/archivioturi.lavocedelpaese.info\/index.php\/wp-json\/wp\/v2\/types\/post"}],"author":[{"embeddable":true,"href":"https:\/\/archivioturi.lavocedelpaese.info\/index.php\/wp-json\/wp\/v2\/users\/1"}],"replies":[{"embeddable":true,"href":"https:\/\/archivioturi.lavocedelpaese.info\/index.php\/wp-json\/wp\/v2\/comments?post=10719"}],"version-history":[{"count":0,"href":"https:\/\/archivioturi.lavocedelpaese.info\/index.php\/wp-json\/wp\/v2\/posts\/10719\/revisions"}],"wp:featuredmedia":[{"embeddable":true,"href":"https:\/\/archivioturi.lavocedelpaese.info\/index.php\/wp-json\/wp\/v2\/media\/9826"}],"wp:attachment":[{"href":"https:\/\/archivioturi.lavocedelpaese.info\/index.php\/wp-json\/wp\/v2\/media?parent=10719"}],"wp:term":[{"taxonomy":"category","embeddable":true,"href":"https:\/\/archivioturi.lavocedelpaese.info\/index.php\/wp-json\/wp\/v2\/categories?post=10719"},{"taxonomy":"post_tag","embeddable":true,"href":"https:\/\/archivioturi.lavocedelpaese.info\/index.php\/wp-json\/wp\/v2\/tags?post=10719"}],"curies":[{"name":"wp","href":"https:\/\/api.w.org\/{rel}","templated":true}]}}