{"id":10694,"date":"2013-02-17T09:34:22","date_gmt":"2013-02-17T09:34:22","guid":{"rendered":"https:\/\/archivioturi.lavocedelpaese.info\/index.php\/2013\/02\/17\/carnevale-turese-ce-aria-di-festa\/"},"modified":"2013-02-17T09:34:22","modified_gmt":"2013-02-17T09:34:22","slug":"carnevale-turese-ce-aria-di-festa","status":"publish","type":"post","link":"https:\/\/archivioturi.lavocedelpaese.info\/index.php\/2013\/02\/17\/carnevale-turese-ce-aria-di-festa\/","title":{"rendered":"Carnevale turese: c\u2019\u00e8 aria di festa"},"content":{"rendered":"<p>&nbsp;<img loading=\"lazy\" decoding=\"async\" class=\" size-full wp-image-10693\" src=\"https:\/\/archivioturi.lavocedelpaese.info\/wp-content\/uploads\/2013\/02\/Carnevale-turi-orpheo.jpg\" width=\"320\" height=\"150\" alt=\"Carnevale-turi-orpheo\" style=\"margin: 0px 3px;\" srcset=\"https:\/\/archivioturi.lavocedelpaese.info\/wp-content\/uploads\/2013\/02\/Carnevale-turi-orpheo.jpg 320w, https:\/\/archivioturi.lavocedelpaese.info\/wp-content\/uploads\/2013\/02\/Carnevale-turi-orpheo-300x141.jpg 300w\" sizes=\"auto, (max-width: 320px) 100vw, 320px\" \/><\/p>\n<p>&nbsp;<\/p>\n<p style=\"text-align: justify;\"><span style=\"font-family: verdana, geneva; font-size: 10pt;\"><strong><br \/><\/strong><\/span><\/p>\n<p style=\"text-align: justify;\"><span style=\"font-family: verdana, geneva; font-size: 10pt;\"><strong>Turi &#8211;<\/strong> Carnevale in girotondo, Carnevale intorno al mondo! E\u2019 stato questo il tema della festa di Carnevale 2013 tenutasi domenica 10 febbraio ed organizzata dall\u2019 Ass. genitori turesi e Orpheo, che ha visto partecipi oltre un centinaio di persone. Una festa all\u2019 insegna della fratellanza contro ogni diversit\u00e0 sia sociale che di razza, in un contesto storico in cui la nostra societ\u00e0 sta sempre pi\u00f9 diventando multietnica e poliglotta. Il tutto \u00e8 stato accalorato dalla presenza del bravissimo e richiesto animatore Silvio Gioia, che ha saputo intrattenere in maniera sobria ed &nbsp;elegante tutti i presenti, per circa due ore, con lo spettacolo delle \u201combre cinesi\u201d a luci spente, spettacolo che ha fatto emozionare soprattutto le mamme e i pap\u00e0 che si sono ritrovati di colpo piccoli anche loro; ma anche con balli di gruppo, giochi e tanta tanta allegria. La festa si \u00e8 conclusa eleggendo la maschera pi\u00f9 bella. Il premio \u00e8 stato consegnato al piccolo Enrico che indossava il costume di Arlecchino. Per questo \u00e8 opportuno ringraziare il negozio di abbigliamento per bambini e ragazzi da 0 a 16 anni: Cupido, che ha regalato al piccolo vincitore un buono sconto. Si ringraziano inoltre i vari sponsor che hanno contribuito all\u2019 ottima riuscita della festa: Caff\u00e8 Domiziano, Il Bacio, Dolce Marlyn, Cucciolandia, Orchidea, My pet, Cupido, caseificio Quarato, Roberto Gioielli, Pedo Fitofarmacia di Busco Tiziana e Spendimeno di Di Bello Anna.<\/span><\/p>\n<p><object width=\"400\" height=\"300\"><param name=\"flashvars\" value=\"offsite=true&amp;lang=it-it&amp;page_show_url=%2Fphotos%2F91470992%40N02%2Fsets%2F72157632791388537%2Fshow%2F&amp;page_show_back_url=%2Fphotos%2F91470992%40N02%2Fsets%2F72157632791388537%2F&amp;set_id=72157632791388537&amp;jump_to=\" \/><param name=\"movie\" value=\"http:\/\/www.flickr.com\/apps\/slideshow\/show.swf?v=124984\" \/><param name=\"allowFullScreen\" value=\"true\" \/><embed type=\"application\/x-shockwave-flash\" src=\"http:\/\/www.flickr.com\/apps\/slideshow\/show.swf?v=124984\" allowfullscreen=\"true\" flashvars=\"offsite=true&amp;lang=it-it&amp;page_show_url=%2Fphotos%2F91470992%40N02%2Fsets%2F72157632791388537%2Fshow%2F&amp;page_show_back_url=%2Fphotos%2F91470992%40N02%2Fsets%2F72157632791388537%2F&amp;set_id=72157632791388537&amp;jump_to=\" width=\"400\" height=\"300\" \/><\/object><\/p>\n","protected":false},"excerpt":{"rendered":"<p>&nbsp;<img loading=\"lazy\" decoding=\"async\" class=\" size-full wp-image-10693\" src=\"https:\/\/archivioturi.lavocedelpaese.info\/wp-content\/uploads\/2013\/02\/Carnevale-turi-orpheo.jpg\" width=\"320\" height=\"150\" alt=\"Carnevale-turi-orpheo\" style=\"margin: 0px 3px;\" srcset=\"https:\/\/archivioturi.lavocedelpaese.info\/wp-content\/uploads\/2013\/02\/Carnevale-turi-orpheo.jpg 320w, https:\/\/archivioturi.lavocedelpaese.info\/wp-content\/uploads\/2013\/02\/Carnevale-turi-orpheo-300x141.jpg 300w\" sizes=\"auto, (max-width: 320px) 100vw, 320px\" \/><\/p>\n<p>&nbsp;<\/p>\n","protected":false},"author":1,"featured_media":10693,"comment_status":"open","ping_status":"closed","sticky":false,"template":"","format":"standard","meta":{"colormag_page_container_layout":"default_layout","colormag_page_sidebar_layout":"default_layout","footnotes":""},"categories":[7],"tags":[],"class_list":["post-10694","post","type-post","status-publish","format-standard","has-post-thumbnail","hentry","category-attualita"],"_links":{"self":[{"href":"https:\/\/archivioturi.lavocedelpaese.info\/index.php\/wp-json\/wp\/v2\/posts\/10694","targetHints":{"allow":["GET"]}}],"collection":[{"href":"https:\/\/archivioturi.lavocedelpaese.info\/index.php\/wp-json\/wp\/v2\/posts"}],"about":[{"href":"https:\/\/archivioturi.lavocedelpaese.info\/index.php\/wp-json\/wp\/v2\/types\/post"}],"author":[{"embeddable":true,"href":"https:\/\/archivioturi.lavocedelpaese.info\/index.php\/wp-json\/wp\/v2\/users\/1"}],"replies":[{"embeddable":true,"href":"https:\/\/archivioturi.lavocedelpaese.info\/index.php\/wp-json\/wp\/v2\/comments?post=10694"}],"version-history":[{"count":0,"href":"https:\/\/archivioturi.lavocedelpaese.info\/index.php\/wp-json\/wp\/v2\/posts\/10694\/revisions"}],"wp:featuredmedia":[{"embeddable":true,"href":"https:\/\/archivioturi.lavocedelpaese.info\/index.php\/wp-json\/wp\/v2\/media\/10693"}],"wp:attachment":[{"href":"https:\/\/archivioturi.lavocedelpaese.info\/index.php\/wp-json\/wp\/v2\/media?parent=10694"}],"wp:term":[{"taxonomy":"category","embeddable":true,"href":"https:\/\/archivioturi.lavocedelpaese.info\/index.php\/wp-json\/wp\/v2\/categories?post=10694"},{"taxonomy":"post_tag","embeddable":true,"href":"https:\/\/archivioturi.lavocedelpaese.info\/index.php\/wp-json\/wp\/v2\/tags?post=10694"}],"curies":[{"name":"wp","href":"https:\/\/api.w.org\/{rel}","templated":true}]}}