{"id":1069,"date":"2009-12-20T19:58:01","date_gmt":"2009-12-20T19:58:01","guid":{"rendered":"https:\/\/archivioturi.lavocedelpaese.info\/index.php\/2009\/12\/20\/novena-di-natale-turi-si-raccoglie-in-preghiera\/"},"modified":"2009-12-20T19:58:01","modified_gmt":"2009-12-20T19:58:01","slug":"novena-di-natale-turi-si-raccoglie-in-preghiera","status":"publish","type":"post","link":"https:\/\/archivioturi.lavocedelpaese.info\/index.php\/2009\/12\/20\/novena-di-natale-turi-si-raccoglie-in-preghiera\/","title":{"rendered":"NOVENA DI NATALE, TURI SI RACCOGLIE IN PREGHIERA"},"content":{"rendered":"<p><img loading=\"lazy\" decoding=\"async\" class=\" size-full wp-image-1068\" src=\"https:\/\/archivioturi.lavocedelpaese.info\/wp-content\/uploads\/2009\/12\/novena.jpg\" alt=\"novena\" height=\"150\" width=\"320\" srcset=\"https:\/\/archivioturi.lavocedelpaese.info\/wp-content\/uploads\/2009\/12\/novena.jpg 640w, https:\/\/archivioturi.lavocedelpaese.info\/wp-content\/uploads\/2009\/12\/novena-300x141.jpg 300w\" sizes=\"auto, (max-width: 320px) 100vw, 320px\" \/> <\/p>\n<p style=\"text-align: justify;\"><span style=\"font-size: 10pt;\"><span style=\"font-family: verdana,geneva;\">Nei momenti che precedono il giorno, la notte si fa pi\u00f9 nera, il freddo pi\u00f9 pungente. Decine di persone si dirigono verso la chiesa Madre. Moltissime a piedi, sfidando il freddo di queste notti con guanti e sciarpe e con passo svelto. \u00c8 qui che il buio diventa luce e il freddo calore. Un saluto ai conoscenti, poi l\u2019attesa per il canto d\u2019ingresso.<\/span><\/span><\/p>\n<div style=\"text-align: justify;\"><\/div>\n<p style=\"text-align: justify;\"><span style=\"font-size: 10pt;\"><span style=\"font-family: verdana,geneva;\">Cos\u00ec decine di turesi dal 16 dicembre trascorrono le prime ore del mattino partecipando alla <strong>novena di Natale<\/strong>, che, pi\u00f9 di tanti altri momenti, sa mescolare spiritualit\u00e0 e tradizione, voglia di pregare e di stare insieme, mentre si attende la festa pi\u00f9 bella dell\u2019anno.<\/span><\/span><\/p>\n<div style=\"text-align: justify;\"><\/div>\n<p style=\"text-align: justify;\"><span style=\"font-size: 10pt;\"><span style=\"font-family: verdana,geneva;\">Benedetto XVI, in occasione del 150\u00b0 anniversario del \u201c<strong>dies natalis<\/strong>\u201d di Giovanni Maria Vianney, patrono di tutti i parroci del mondo, ha indetto un \u201canno sacerdotale\u201d, un anno che serva a rinvigorire la fede e l\u2019entusiasmo di tanti preti, prendendo spunto da una frase cara al curato d\u2019Ars: \u201cIl sace<\/span><\/span><span style=\"font-size: 10pt;\"><span style=\"font-family: verdana,geneva;\"><img loading=\"lazy\" decoding=\"async\" class=\" alignright size-full wp-image-999\" src=\"https:\/\/archivioturi.lavocedelpaese.info\/wp-content\/uploads\/2009\/12\/don_giovanni.jpg\" alt=\"don_giovanni\" style=\"margin-top: 10px; margin-left: 10px; margin-bottom: 10px; float: right;\" height=\"527\" width=\"265\" \/><\/span><\/span><span style=\"font-size: 10pt;\"><span style=\"font-family: verdana,geneva;\">rdozio \u00e8 l\u2019amore del cuore di Ges\u00f9\u201d.<\/span><\/span><\/p>\n<div style=\"text-align: justify;\"><\/div>\n<p style=\"text-align: justify;\"><span style=\"font-size: 10pt;\"><span style=\"font-family: verdana,geneva;\">Rispondendo all\u2019invito del Santo Padre, l&#8217;Arciprete <strong>don Giovanni Amod<\/strong><\/span><\/span><span style=\"font-size: 10pt;\"><span style=\"font-family: verdana,geneva;\"><strong>io<\/strong> ha scelto per questa novena <strong>nove parole chiave<\/strong>, nove diversi argomenti che, rimandando ai sacramenti e alla quotidianit\u00e0 della vita del sacerdote, possano ripercorrere la figura del prete: chi \u00e8? com\u2019\u00e8? come dovrebbe essere? Si va da \u201cuomo dell\u2019ascolto\u201d a \u201cservo della verit\u00e0\u201d, da \u201cuomo della comunione\u201d a \u201cuomo libero\u201d.<\/span><\/span><\/p>\n<div style=\"text-align: justify;\"><\/div>\n<p style=\"text-align: justify;\"><span style=\"font-size: 10pt;\"><span style=\"font-family: verdana,geneva;\">La <strong>prof.ssa Carmela Vittore<\/strong> ha realizzato <strong>nove splendidi disegni<\/strong> che ricalcano il tema del giorno. Ogni mattina ne viene mostrato uno, mentre i disegni dei giorni precedenti vanno ad abbellire una delle colonne della chiesa, segno tangibile del percorso fatto.<\/span><\/span><\/p>\n<div style=\"text-align: justify;\"><\/div>\n<p style=\"text-align: justify;\"><span style=\"font-size: 10pt;\"><span style=\"font-family: verdana,geneva;\">Dall\u2019altare, a fare da capanna alla sacra famiglia, campeggia una scritta evocativa del messaggio di questa novena: \u201cServire \u00e8 gioia\u201d.<\/span><\/span><\/p>\n<div style=\"text-align: justify;\"><\/div>\n<p style=\"text-align: justify;\"><span style=\"font-size: 10pt;\"><span style=\"font-family: verdana,geneva;\">La novena di Natale 2009 \u00e8 cos\u00ec diventata uno spunto per don Giovanni, giunto al nono anno di servizio nella comunit\u00e0 di Turi, per tirare, tra le righe, le somme di questi anni. \u201cNon so se stiate apprezzando &#8211; ha detto ieri mattina &#8211; quanto sia difficile riuscire ad aprirsi cos\u00ec come sto facendo io con voi. <strong>A fare le \u201cprediche\u201d non ci vuole niente!<\/strong> \u00c8 invece difficilissimo parlare di s\u00e9.\u201d<\/span><\/span><\/p>\n<div style=\"text-align: justify;\"><\/div>\n<p style=\"text-align: justify;\"><span style=\"font-size: 10pt;\"><span style=\"font-family: verdana,geneva;\">La chiesa \u00e8 gremita in ogni ordine di posto: si recuperano tutte le sedie di cui la parrocchia dispone, ma non bastano mai. Persone di tutte le et\u00e0: anziani, che sono in chiesa gi\u00e0 alle cinque per poter \u201cprendere posto\u201d e non rischiare di restare in piedi, famiglie con bambini, giovanissimi, che, accatastati gli zaini in una delle cappelle, si assiepano nelle prime file, e tra una preghiera e l\u2019altra, pensano al compito in classe di qualche ora dopo.<\/span><\/span><\/p>\n<div style=\"text-align: justify;\"><\/div>\n<p style=\"text-align: justify;\"><span style=\"font-size: 10pt;\"><span style=\"font-family: verdana,geneva;\">Ogni mattina, a met\u00e0 messa, si \u201caccende una luce\u201d: \u00e8 il simbolo della veglia che ogni mattina di pi\u00f9, si avvicina alla conclusione, alla festa del Natale del Signore.<\/span><\/span><\/p>\n<div style=\"text-align: justify;\"><\/div>\n<p style=\"text-align: justify;\"><span style=\"font-size: 10pt;\"><span style=\"font-family: verdana,geneva;\">Il padre nostro, pregato a gran voce, mentre tutti si danno la mano a formare un\u2019unica catena di persone, \u00e8 il culmine del sentimento di unit\u00e0, della bellezza di vivere assieme quest\u2019attesa, mentre dalle finestre della chiesa, si intravede la notte lasciare spazio alle prime luci dell\u2019alba.<\/span><\/span><\/p>\n<div style=\"text-align: justify;\"><\/div>\n<p style=\"text-align: justify;\"><span style=\"font-size: 10pt;\"><span style=\"font-family: verdana,geneva;\">A messa finita, il silenzio di raccoglimento diventa brusio di saluti, sorrisi, abbracci. \u00c8 mattina. Si va a scuola o a lavoro, o si torna a casa. Prima per\u00f2 per alcuni \u00e8 d\u2019obbligo la sosta in sala teatro. C\u2019\u00e8 sempre qualcuno che, con grande spirito di generosa discrezione, prima della messa ha lasciato una ciambella o una borraccia di caff\u00e8 e cioccolata calda. Si fa colazione insieme, e quando si va via, si ha la netta sensazione che sar\u00e0 una bella giornata.<\/span><\/span><\/p>\n<p><img decoding=\"async\" src=\"data:image\/png;base64,iVBORw0KGgoAAAANSUhEUgAAABYAAAAUCAYAAACJfM0wAAAABHNCSVQICAgIfAhkiAAAAAlwSFlzAAAK8AAACvABQqw0mAAAAB90RVh0U29mdHdhcmUATWFjcm9tZWRpYSBGaXJld29ya3MgOLVo0ngAAAAWdEVYdENyZWF0aW9uIFRpbWUAMDQvMDQvMDhrK9wWAAACLklEQVQ4jbXUP0wTcRQH8O\/9ekdjkT8CUqpee00bRyNNmSRSV0PcJJoQg2i6ODTExEUHg04OaNSppqtCjQ4ukDSKSuLUwcm4NNZcQYsIGtD+u\/f7MZSWXltqo\/Ul7\/JL7u7z3r3fLye53e5xj8ejoYWRSCSSstfr1YLBYHcr4XA4rMmMMciy3EoXjDHIjDEoivL\/4fefrP1P3nYEvqzLajOIo8fQz5\/cfH3cnVttCM8udQaODBxQFx44Ye9h4HxvdGWtgMlbSXV2SQoMHf0RNcGSJJlmvPLdos7fdyIWL+D5myx+ZwwUDAIRh2EU1wYRFItA6FwvIjdcGJr4qFYakiSBlTavlABwsJth7mUWmSyBOAfnAkQE4gKccxBx\/MoYmHmcxuH+NgAwGQ03j3NeRjjnoGqcC\/zcIgghAMBkNISJuKlbEy4EaKdoKerC5nNMxQdlgVx+t0siKhYQovwV1rbdtyoNxlhxxoqilBMA0uuES6Pt6NqP2hHsoDarhJuXD2F5NV\/uuJR1T4XLzvTJ25\/VyHUnzgzba0YkKq6pdB4T00m47EyvPhU1M54asy3ee5o55bvwQQWAr\/PHMBfbQGhGrykCANqARZ8asy3+ccYjg\/K3kcF9UQAYvrJ29dmrDUxHlnOxu72P+rpYrq5eFU39K649TCF0tnPB0WdtCt2z48rQHIp+8XTHu9ET7alm0aY6fnFHjda98a\/w3wZjDJLP5xv3+\/1aK+F4PJ7cBm32CUNiyI2GAAAAAElFTkSuQmCC\" id=\"fvdkoff-target-image\" style=\"margin: 0px; z-index: 2147483647; position: absolute; visibility: visible; color: transparent; top: 159px; left: 745px;\" \/><\/p>\n","protected":false},"excerpt":{"rendered":"<p><img loading=\"lazy\" decoding=\"async\" class=\" size-full wp-image-1068\" src=\"https:\/\/archivioturi.lavocedelpaese.info\/wp-content\/uploads\/2009\/12\/novena.jpg\" alt=\"novena\" height=\"150\" width=\"320\" srcset=\"https:\/\/archivioturi.lavocedelpaese.info\/wp-content\/uploads\/2009\/12\/novena.jpg 640w, https:\/\/archivioturi.lavocedelpaese.info\/wp-content\/uploads\/2009\/12\/novena-300x141.jpg 300w\" sizes=\"auto, (max-width: 320px) 100vw, 320px\" \/> <\/p>\n","protected":false},"author":1,"featured_media":1068,"comment_status":"open","ping_status":"closed","sticky":false,"template":"","format":"standard","meta":{"colormag_page_container_layout":"default_layout","colormag_page_sidebar_layout":"default_layout","footnotes":""},"categories":[6],"tags":[],"class_list":["post-1069","post","type-post","status-publish","format-standard","has-post-thumbnail","hentry","category-cultura"],"_links":{"self":[{"href":"https:\/\/archivioturi.lavocedelpaese.info\/index.php\/wp-json\/wp\/v2\/posts\/1069","targetHints":{"allow":["GET"]}}],"collection":[{"href":"https:\/\/archivioturi.lavocedelpaese.info\/index.php\/wp-json\/wp\/v2\/posts"}],"about":[{"href":"https:\/\/archivioturi.lavocedelpaese.info\/index.php\/wp-json\/wp\/v2\/types\/post"}],"author":[{"embeddable":true,"href":"https:\/\/archivioturi.lavocedelpaese.info\/index.php\/wp-json\/wp\/v2\/users\/1"}],"replies":[{"embeddable":true,"href":"https:\/\/archivioturi.lavocedelpaese.info\/index.php\/wp-json\/wp\/v2\/comments?post=1069"}],"version-history":[{"count":0,"href":"https:\/\/archivioturi.lavocedelpaese.info\/index.php\/wp-json\/wp\/v2\/posts\/1069\/revisions"}],"wp:featuredmedia":[{"embeddable":true,"href":"https:\/\/archivioturi.lavocedelpaese.info\/index.php\/wp-json\/wp\/v2\/media\/1068"}],"wp:attachment":[{"href":"https:\/\/archivioturi.lavocedelpaese.info\/index.php\/wp-json\/wp\/v2\/media?parent=1069"}],"wp:term":[{"taxonomy":"category","embeddable":true,"href":"https:\/\/archivioturi.lavocedelpaese.info\/index.php\/wp-json\/wp\/v2\/categories?post=1069"},{"taxonomy":"post_tag","embeddable":true,"href":"https:\/\/archivioturi.lavocedelpaese.info\/index.php\/wp-json\/wp\/v2\/tags?post=1069"}],"curies":[{"name":"wp","href":"https:\/\/api.w.org\/{rel}","templated":true}]}}