{"id":10682,"date":"2013-02-12T17:55:41","date_gmt":"2013-02-12T17:55:41","guid":{"rendered":"https:\/\/archivioturi.lavocedelpaese.info\/index.php\/2013\/02\/12\/pdl-voglia-di-crederci\/"},"modified":"2013-02-12T17:55:41","modified_gmt":"2013-02-12T17:55:41","slug":"pdl-voglia-di-crederci","status":"publish","type":"post","link":"https:\/\/archivioturi.lavocedelpaese.info\/index.php\/2013\/02\/12\/pdl-voglia-di-crederci\/","title":{"rendered":"Pdl: Voglia di crederci"},"content":{"rendered":"<p>&nbsp;<img loading=\"lazy\" decoding=\"async\" class=\" size-full wp-image-10681\" src=\"https:\/\/archivioturi.lavocedelpaese.info\/wp-content\/uploads\/2013\/02\/pdl-turi-altieri.jpg\" width=\"320\" height=\"150\" alt=\"pdl-turi-altieri\" style=\"margin: 0px 3px;\" srcset=\"https:\/\/archivioturi.lavocedelpaese.info\/wp-content\/uploads\/2013\/02\/pdl-turi-altieri.jpg 320w, https:\/\/archivioturi.lavocedelpaese.info\/wp-content\/uploads\/2013\/02\/pdl-turi-altieri-300x141.jpg 300w\" sizes=\"auto, (max-width: 320px) 100vw, 320px\" \/><\/p>\n<p>&nbsp;<\/p>\n<p>&nbsp;<\/p>\n<p style=\"text-align: justify;\">Siamo in compagnia del Vice Presidente della Provincia&nbsp;Nuccio Altieri, candidato nella lista del PDL per la Camera dei Deputati alle prossime elezioni: un\u2019occasione per conoscere pi\u00f9 a fondo le sue idee, pronte a sbarcare a Roma per portare le necessit\u00e0 e le potenzialit\u00e0 della nostra terra alla ribalta nel panorama politico nazionale.<\/p>\n<p style=\"text-align: justify;\"><strong>Da dove nasce la scelta di posizionare l\u2019unico comitato per la sua campagna elettorale a Rutigliano?<\/strong><\/p>\n<p style=\"text-align: justify;\">La scelta era d\u2019obbligo: sono nato qui, qui ho mosso i miei primi passi nel movimento giovanile, tra quelle persone che ora fanno il tifo per me. Questa non \u00e8 la mia candidatura, ma quella dei miei amici, del mio paese e della sua gente: \u00e8 solo grazie a loro che a 37 anni ho avuto questo onore.<\/p>\n<p style=\"text-align: justify;\"><strong>Passiamo ad una domanda pi\u00f9 tradizionale. Quali sono le sue priorit\u00e0 all\u2019interno dell\u2019agenda politica presentata dal suo partito?<\/strong><\/p>\n<p style=\"text-align: justify;\">Di certo il tema legato al futuro della nuova generazione mi \u00e8 molto caro: i dati sull\u2019occupazione parlano di un tasso di disoccupazione giovanile del 37%, una cifra da far tremare i polsi. Bisogna credere nelle potenzialit\u00e0 di questi ragazzi e sicuramente la politica di&nbsp;abbattimento del carico fiscale&nbsp;per l\u2019assunzione degli&nbsp;under&nbsp;35 proposta dal nostro partito \u00e8 una scelta cruciale a tal proposito. In questo modo le nostre imprese avranno tutto l\u2019interesse ad assumerli, non solo in virt\u00f9 del vantaggio economico ma anche per quello della produttivit\u00e0, grazie alla loro voglia e potenzialit\u00e0: o il nostro paese cambia in questo modo o i nostri giovani saranno ancora costretti ad emigrare all\u2019estero per trovare la loro realizzazione; in secondo luogo, ma non sul piano dell\u2019importanza, bisogna ricordare ai nostri concorrenti alle elezioni la&nbsp;sacralit\u00e0 della casa, violata dal premier&nbsp;Monti&nbsp;attraverso l\u2019introduzione dell\u2019IMU. Indispensabile \u00e8 la nostra scelta di abolirla e restituire agli italiani quanto hanno pagato ingiustamente, questa tassa ha fatto calare il mercato immobiliare del 56% facendo chiedere migliaia di aziende!.<\/p>\n<p style=\"text-align: justify;\"><strong>Cosa ne pensa dell\u2019evoluzione del panorama politico attuale?<\/strong><\/p>\n<p style=\"text-align: justify;\">\u00c8 assolutamente sconvolgente assistere al continuo flirt fra Monti e&nbsp;Bersani, moderni Romeo e Giulietta, in un continuo ammiccare e strizzare l\u2019occhio l\u2019un l\u2019altro in nome del mero interessepersonale, senza dar minimo peso alle esigenze degli italiani che considerano solo arance da spremere: sta nascendo una nuova creatura mitologica, una chimera con la testa di Monti, il corpo di Bersani e la coda di&nbsp;Vendola. Gi\u00e0, perch\u00e9 solo quella \u00e8 rimasta all\u2019uomo che proclamava una \u201cPuglia migliore\u201d, rimasta un miraggio e che ora la gente ricambia correttamente con quei pochi voti annunciati dai recenti sondaggi: \u00e8 impossibile dimenticare la sua pessima gestione della nostra regione, gli scandali della sanit\u00e0, l\u2019impossibilit\u00e0 di reagire ai veri bisogni dei cittadini; per non parlare degli impianti fotovoltaici che hanno pian piano sostituito la nostra identit\u00e0, i secolari ulivi e i prolifici vigneti: immaginate cosa sarebbe successo incentivando la nostra agricoltura al posto di quelle opere, quante opportunit\u00e0, quanti posti di lavoro in pi\u00f9, quale spinta per i nostri centri cittadini.<\/p>\n<p style=\"text-align: justify;\"><strong>Cosa vuol dire per lei il suo slogan, \u201cvoglia di crederci\u201d?<\/strong><\/p>\n<p style=\"text-align: justify;\">Voglia di crederci \u00e8 voler dire basta alla politica del \u201cnon \u00e8 possibile\u201d, della negazione delle nostre potenzialit\u00e0, e abbracciare la mentalit\u00e0 del \u201csi pu\u00f2!\u201d. Voglia di crederci \u00e8 il voler dare fiducia alla nostra gente, a quegli uomini e a quelle donne che hanno costruito il nostro paese con il lavoro e con il sudore della fronte, promuovere le loro attivit\u00e0, dall\u2019artigiano all\u2019imprenditore, dall\u2019impiegato al produttore agricolo, al libero professionista e non porre esagerati vincoli alla loro capacit\u00e0 di spiccare il volo (non sar\u00e0 facile dimenticare gli elicotteri sui nostri tendoni durante il governo Prodi!): solo se tutti quanti avremo questa \u201cvoglia di crederci\u201d riusciremo a trionfare ancora una volta ed assicurare il migliore futuro possibile al nostro Paese e alla nostra terra.<\/p>\n<p>&nbsp;<\/p>\n","protected":false},"excerpt":{"rendered":"<p>&nbsp;<img loading=\"lazy\" decoding=\"async\" class=\" size-full wp-image-10681\" src=\"https:\/\/archivioturi.lavocedelpaese.info\/wp-content\/uploads\/2013\/02\/pdl-turi-altieri.jpg\" width=\"320\" height=\"150\" alt=\"pdl-turi-altieri\" style=\"margin: 0px 3px;\" srcset=\"https:\/\/archivioturi.lavocedelpaese.info\/wp-content\/uploads\/2013\/02\/pdl-turi-altieri.jpg 320w, https:\/\/archivioturi.lavocedelpaese.info\/wp-content\/uploads\/2013\/02\/pdl-turi-altieri-300x141.jpg 300w\" sizes=\"auto, (max-width: 320px) 100vw, 320px\" \/><\/p>\n<p>&nbsp;<\/p>\n","protected":false},"author":1,"featured_media":10681,"comment_status":"open","ping_status":"closed","sticky":false,"template":"","format":"standard","meta":{"colormag_page_container_layout":"default_layout","colormag_page_sidebar_layout":"default_layout","footnotes":""},"categories":[4],"tags":[],"class_list":["post-10682","post","type-post","status-publish","format-standard","has-post-thumbnail","hentry","category-politica"],"_links":{"self":[{"href":"https:\/\/archivioturi.lavocedelpaese.info\/index.php\/wp-json\/wp\/v2\/posts\/10682","targetHints":{"allow":["GET"]}}],"collection":[{"href":"https:\/\/archivioturi.lavocedelpaese.info\/index.php\/wp-json\/wp\/v2\/posts"}],"about":[{"href":"https:\/\/archivioturi.lavocedelpaese.info\/index.php\/wp-json\/wp\/v2\/types\/post"}],"author":[{"embeddable":true,"href":"https:\/\/archivioturi.lavocedelpaese.info\/index.php\/wp-json\/wp\/v2\/users\/1"}],"replies":[{"embeddable":true,"href":"https:\/\/archivioturi.lavocedelpaese.info\/index.php\/wp-json\/wp\/v2\/comments?post=10682"}],"version-history":[{"count":0,"href":"https:\/\/archivioturi.lavocedelpaese.info\/index.php\/wp-json\/wp\/v2\/posts\/10682\/revisions"}],"wp:featuredmedia":[{"embeddable":true,"href":"https:\/\/archivioturi.lavocedelpaese.info\/index.php\/wp-json\/wp\/v2\/media\/10681"}],"wp:attachment":[{"href":"https:\/\/archivioturi.lavocedelpaese.info\/index.php\/wp-json\/wp\/v2\/media?parent=10682"}],"wp:term":[{"taxonomy":"category","embeddable":true,"href":"https:\/\/archivioturi.lavocedelpaese.info\/index.php\/wp-json\/wp\/v2\/categories?post=10682"},{"taxonomy":"post_tag","embeddable":true,"href":"https:\/\/archivioturi.lavocedelpaese.info\/index.php\/wp-json\/wp\/v2\/tags?post=10682"}],"curies":[{"name":"wp","href":"https:\/\/api.w.org\/{rel}","templated":true}]}}