{"id":10680,"date":"2013-02-12T13:43:28","date_gmt":"2013-02-12T13:43:28","guid":{"rendered":"https:\/\/archivioturi.lavocedelpaese.info\/index.php\/2013\/02\/12\/sel-non-abbiamo-comunicato-molto\/"},"modified":"2013-02-12T13:43:28","modified_gmt":"2013-02-12T13:43:28","slug":"sel-non-abbiamo-comunicato-molto","status":"publish","type":"post","link":"https:\/\/archivioturi.lavocedelpaese.info\/index.php\/2013\/02\/12\/sel-non-abbiamo-comunicato-molto\/","title":{"rendered":"Sel: \u201cNon abbiamo comunicato molto\u201d"},"content":{"rendered":"<p>&nbsp;<img loading=\"lazy\" decoding=\"async\" class=\" size-full wp-image-10679\" src=\"https:\/\/archivioturi.lavocedelpaese.info\/wp-content\/uploads\/2013\/02\/Lea-Durante-turi.jpg\" width=\"320\" height=\"150\" alt=\"Lea-Durante-turi\" style=\"margin: 0px 3px;\" srcset=\"https:\/\/archivioturi.lavocedelpaese.info\/wp-content\/uploads\/2013\/02\/Lea-Durante-turi.jpg 320w, https:\/\/archivioturi.lavocedelpaese.info\/wp-content\/uploads\/2013\/02\/Lea-Durante-turi-300x141.jpg 300w\" sizes=\"auto, (max-width: 320px) 100vw, 320px\" \/><\/p>\n<p>&nbsp;<\/p>\n<p>&nbsp;<\/p>\n<p style=\"text-align: justify;\"><span style=\"font-family: verdana, geneva; font-size: 10pt;\">Decisamente una persona di carattere Lea Durante. Una donna che, tra l\u2019altro, crede fermamente nel potere del pensiero delle donne e dei giovani. Originaria di Bovino, in provincia di Foggia, la candidata Sel al Senato ha vissuto a Napoli per poi stabilirsi a Bari. Componente della segreteria regionale di Sel, partito al quale ha aderito&nbsp;dopo tanti anni di militanza in Rifondazione comunista, insegna oggi Storia della critica letteraria all\u2019Universit\u00e0 degli studi di Bari.&nbsp;E proprio gli studenti e le studentesse sarebbero, a suo dire, primaria fonte&nbsp;di ispirazione politica.<\/span><br \/><span style=\"font-family: verdana, geneva; font-size: 10pt;\"><strong>Alle porte delle elezioni nazionali. Guardandosi indietro, quali pro e contro intravede nel governo Vendola in Puglia?<\/strong><\/span><\/p>\n<p style=\"text-align: justify;\"><span style=\"font-family: verdana, geneva; font-size: 10pt;\">A mio parere gli aspetti positivi del governo Vendola sono essenzialmente due: la politica sulle energie rinnovabili, quindi tutta la partita che riguarda il tema dell\u2019eco sostenibilit\u00e0 dal punto di vista energetico, e l\u2019idea di cultura come motore dell\u2019economia e di coesione sociale. Quest\u2019ultimo aspetto mi sembra abbia pervaso tutti i settori in Puglia, anche l\u2019universit\u00e0, se si pensa che dall\u2019anno prossimo nella nostra regione gli studenti universitari riconosciuti come idonei per la borsa di studio la riceveranno al 92% e non al 50% come \u00e8 avvenuto finora. In Puglia sono state messe in campo tante forze e molte proposte sono diventate un modello anche per altre realt\u00e0 amministrative. Ci\u00f2 che invece credo abbia funzionato di meno in questi anni \u00e8 stata la relazione stabilita con gli utenti, nel senso che sul tema della comunicazione ci siamo spesi poco. Mi riferisco alla comunicazione sui provvedimenti legislativi regionali e sulle innumerevoli attivit\u00e0 realizzate. Ci\u00f2 \u00e8 paradossale se si pensa che invece una delle maggiori critiche mosse a Vendola riguarda proprio l\u2019aver messo al centro del suo operato la comunicazione.<\/span><\/p>\n<p style=\"text-align: justify;\"><span style=\"font-family: verdana, geneva; font-size: 10pt;\"><strong>Quali aspetti positivi e negativi individua invece nel governo nazionale di Monti?<\/strong><\/span><\/p>\n<p style=\"text-align: justify;\"><span style=\"font-family: verdana, geneva; font-size: 10pt;\"><strong><\/strong><\/span><br \/><span style=\"font-family: verdana, geneva; font-size: 10pt;\">Di positivo non vedo nulla in quel governo perch\u00e9 penso che, avendo traghettato e normalizzato le politiche di destra del precedente governo Berlusconi, Monti abbia rappresentato un problema gigantesco tant\u2019\u00e8 che dal mio punto di vista sarebbe stato meglio andare a votare un anno fa. In Italia ormai moltissima gente quando doveva commentare Monti sottolineava il suo essere pi\u00f9 serio rispetto a Berlusconi. Ma il fatto che la seriet\u00e0 e la presentabilit\u00e0 siano stati gli elementi dei quali ci si \u00e8 accontentati, quando invece la politica dovrebbe essere strategia e idea di governo, la dice lunga su quanto eravamo caduti in basso.<\/span><\/p>\n<p style=\"text-align: justify;\"><span style=\"font-family: verdana, geneva; font-size: 10pt;\"><strong>A proposito di questioni finanziarie, crede che l\u2019euro rappresenti un peccato o una risorsa per l\u2019Europa?<\/strong><\/span><\/p>\n<p style=\"text-align: justify;\"><span style=\"font-family: verdana, geneva; font-size: 10pt;\">L\u2019euro \u00e8 assolutamente una risorsa, soltanto che sarebbe necessario rinegoziare tanti elementi legati all\u2019ambito finanziario, ad esempio il fiscal compact che ha una ricaduta immediata anche sul significato di moneta comune. Noi come Sel lo diciamo da molto tempo e ultimamente stiamo notando che anche il Pd sta abbracciando questa idea. In realt\u00e0 per\u00f2 tutte le compatibilit\u00e0 europee andrebbero rinegoziate. Nella Regione Puglia abbiamo rotto consapevolmente il patto di stabilit\u00e0 perch\u00e9 le griglie entro le quali ci era stato chiesto di operare nella pubblica amministrazione erano impraticabili. Non ci si pu\u00f2 permettere di avere soldi nelle casse e di non utilizzarli per investire nelle infrastrutture, per ragionare di sviluppo in termini concreti. L\u2019euro come simbolo dell\u2019economia internazionale deve essere assolutamente rinegoziato dal punto di vista sociale.<\/span><\/p>\n<p style=\"text-align: justify;\"><span style=\"font-family: verdana, geneva; font-size: 10pt;\"><strong>Se fosse presidente del Consiglio quale provvedimento varerebbe nel corso della prima riunione del Consiglio dei ministri?<\/strong><\/span><\/p>\n<p style=\"text-align: justify;\"><span style=\"font-family: verdana, geneva; font-size: 10pt;\">Mi occuperei innanzitutto di rivedere la riforma del mercato del lavoro varata dal ministro Fornero e la riforma dell\u2019universit\u00e0. Non so se queste saranno davvero le pi\u00f9 grandi priorit\u00e0 del prossimo governo, per\u00f2 sono le cose che ho potuto respirare pi\u00f9 da vicino come docente e come persona che vive molto tra i giovani.&nbsp;<\/span><\/p>\n<p style=\"text-align: justify;\"><span style=\"font-family: verdana, geneva; font-size: 10pt;\"><strong>Passiamo al lavoro. Come crede si costruisca il salario minimo?<\/strong><\/span><\/p>\n<p style=\"text-align: justify;\"><span style=\"font-family: verdana, geneva; font-size: 10pt;\">Questo \u00e8 uno dei nostri grandi temi. Penso che il salario minimo costituisca una misura di civilt\u00e0 considerando che negli altri paesi europei questa possibilit\u00e0 gi\u00e0 esiste e lo sottolineo perch\u00e9 mi fa impressione vedere che quando avanziamo questa proposta veniamo visti come degli estremisti. Proprio in una societ\u00e0 come la nostra dove il lavoro non si pu\u00f2 configurare come una condizione stabile per gli individui non si pu\u00f2 agganciare la cittadinanza solo al lavoro. Noi da questo punto di vista siamo convinti che sia necessario trovare delle risorse. Sono convinta che se si disinvestisse dalle spese militari e si investisse nella formazione e nella ricerca giungerebbero vantaggi da tutti i punti di vista. Produrremmo brevetti, ragioni di sviluppo industriale e agricolo, crescita nel settore delle comunicazioni.<\/span><\/p>\n<p style=\"text-align: justify;\"><span style=\"font-family: verdana, geneva; font-size: 10pt;\">&nbsp;<\/span><br \/><span style=\"font-family: verdana, geneva; font-size: 10pt;\"><strong>Prima ha dichiarato di avere un rapporto privilegiato con i giovani. Come vivono oggi i ragazzi l\u2019universit\u00e0 e la politica?&nbsp;<\/strong><\/span><\/p>\n<p style=\"text-align: justify;\"><span style=\"font-family: verdana, geneva; font-size: 10pt;\">I giovani che incontro io quotidianamente studiano per\u00f2 sono anche persone che forse per certi versi scelgono la Facolt\u00e0 di Lettere, che \u00e8 quella in cui insegno, perch\u00e9 credono che la formazione dei soggetti non debba essere legata immediatamente a una professione. Importante \u00e8 il rapporto tra formazione e mercato e va cambiato. Io come professore non devo andare incontro passivamente alle richieste del mercato, devo orientarle in base a quello che \u00e8 il tipo di vocazione del territorio.<\/span><\/p>\n<p style=\"text-align: justify;\"><span style=\"font-family: verdana, geneva; font-size: 10pt;\"><strong>Cosa si aspetta da questa candidatura?<\/strong><\/span><\/p>\n<p style=\"text-align: justify;\"><span style=\"font-family: verdana, geneva; font-size: 10pt;\">C\u2019\u00e8 una cosa che mi piace moltissimo nelle liste di Sel: ci sono tante donne e ci\u00f2 che \u00e8 pi\u00f9 importante donne portatrici delle pi\u00f9 varie esperienze, tipo nel campo dei diritti internazionali, dell\u2019economia, della cultura, del lavoro, dei diritti civili e, cosa che li accomuna tutti, nel campo della liberazione della donna. Pensiamo, attraverso tali candidature, di portare anche una piccola rivoluzione in Parlamento. C\u2019\u00e8 davvero bisogno di questo in Italia, c\u2019\u00e8&nbsp;bisogno del pensiero delle donne. Mi aspetto che questo governo di centro sinistra sia in grado non soltanto di governare il paese ma anche di essere il motore di un cambiamento culturale perch\u00e9 \u00e8 davvero ci\u00f2 da cui bisogna partire. Sul fronte dei diritti civili credo che se ci fossero pi\u00f9 donne in Parlamento, portatrici di storie e capaci di portare avanti idee di un certo spessore, i diritti civili farebbero un balzo in avanti enorme anche nella societ\u00e0. Sono convinta che la qualit\u00e0 delle donne di guardare alla vita e al rapporto tra economia e politica ponendo al centro la politica e non l\u2019economia possa davvero cambiare le cose.<\/span><\/p>\n<p><span style=\"font-family: verdana, geneva; font-size: 10pt;\">&nbsp;<\/span><\/p>\n","protected":false},"excerpt":{"rendered":"<p>&nbsp;<img loading=\"lazy\" decoding=\"async\" class=\" size-full wp-image-10679\" src=\"https:\/\/archivioturi.lavocedelpaese.info\/wp-content\/uploads\/2013\/02\/Lea-Durante-turi.jpg\" width=\"320\" height=\"150\" alt=\"Lea-Durante-turi\" style=\"margin: 0px 3px;\" srcset=\"https:\/\/archivioturi.lavocedelpaese.info\/wp-content\/uploads\/2013\/02\/Lea-Durante-turi.jpg 320w, https:\/\/archivioturi.lavocedelpaese.info\/wp-content\/uploads\/2013\/02\/Lea-Durante-turi-300x141.jpg 300w\" sizes=\"auto, (max-width: 320px) 100vw, 320px\" \/><\/p>\n<p>&nbsp;<\/p>\n","protected":false},"author":1,"featured_media":10679,"comment_status":"open","ping_status":"closed","sticky":false,"template":"","format":"standard","meta":{"colormag_page_container_layout":"default_layout","colormag_page_sidebar_layout":"default_layout","footnotes":""},"categories":[4],"tags":[],"class_list":["post-10680","post","type-post","status-publish","format-standard","has-post-thumbnail","hentry","category-politica"],"_links":{"self":[{"href":"https:\/\/archivioturi.lavocedelpaese.info\/index.php\/wp-json\/wp\/v2\/posts\/10680","targetHints":{"allow":["GET"]}}],"collection":[{"href":"https:\/\/archivioturi.lavocedelpaese.info\/index.php\/wp-json\/wp\/v2\/posts"}],"about":[{"href":"https:\/\/archivioturi.lavocedelpaese.info\/index.php\/wp-json\/wp\/v2\/types\/post"}],"author":[{"embeddable":true,"href":"https:\/\/archivioturi.lavocedelpaese.info\/index.php\/wp-json\/wp\/v2\/users\/1"}],"replies":[{"embeddable":true,"href":"https:\/\/archivioturi.lavocedelpaese.info\/index.php\/wp-json\/wp\/v2\/comments?post=10680"}],"version-history":[{"count":0,"href":"https:\/\/archivioturi.lavocedelpaese.info\/index.php\/wp-json\/wp\/v2\/posts\/10680\/revisions"}],"wp:featuredmedia":[{"embeddable":true,"href":"https:\/\/archivioturi.lavocedelpaese.info\/index.php\/wp-json\/wp\/v2\/media\/10679"}],"wp:attachment":[{"href":"https:\/\/archivioturi.lavocedelpaese.info\/index.php\/wp-json\/wp\/v2\/media?parent=10680"}],"wp:term":[{"taxonomy":"category","embeddable":true,"href":"https:\/\/archivioturi.lavocedelpaese.info\/index.php\/wp-json\/wp\/v2\/categories?post=10680"},{"taxonomy":"post_tag","embeddable":true,"href":"https:\/\/archivioturi.lavocedelpaese.info\/index.php\/wp-json\/wp\/v2\/tags?post=10680"}],"curies":[{"name":"wp","href":"https:\/\/api.w.org\/{rel}","templated":true}]}}