{"id":10656,"date":"2013-02-04T08:55:41","date_gmt":"2013-02-04T08:55:41","guid":{"rendered":"https:\/\/archivioturi.lavocedelpaese.info\/index.php\/2013\/02\/04\/presentato-il-libro-litalia-dei-democratici\/"},"modified":"2013-02-04T08:55:41","modified_gmt":"2013-02-04T08:55:41","slug":"presentato-il-libro-litalia-dei-democratici","status":"publish","type":"post","link":"https:\/\/archivioturi.lavocedelpaese.info\/index.php\/2013\/02\/04\/presentato-il-libro-litalia-dei-democratici\/","title":{"rendered":"Presentato il libro \u201cl\u2019Italia dei democratici\u201d"},"content":{"rendered":"<p><img loading=\"lazy\" decoding=\"async\" class=\" size-full wp-image-10654\" src=\"https:\/\/archivioturi.lavocedelpaese.info\/wp-content\/uploads\/2013\/02\/Morando-Turi.jpg\" width=\"320\" height=\"150\" alt=\"Morando-Turi\" style=\"margin: 0px 3px;\" srcset=\"https:\/\/archivioturi.lavocedelpaese.info\/wp-content\/uploads\/2013\/02\/Morando-Turi.jpg 320w, https:\/\/archivioturi.lavocedelpaese.info\/wp-content\/uploads\/2013\/02\/Morando-Turi-300x141.jpg 300w\" sizes=\"auto, (max-width: 320px) 100vw, 320px\" \/><\/p>\n<p>&nbsp;<\/p>\n<p>&nbsp;<\/p>\n<p><strong>Tre gli obiettivi cardine: abbattere il debito pubblico, ridurre la disuguaglianza, tornare a crescere. Solo se sapr\u00e0 riformarsi in profondit\u00e0, il nostro Paese potr\u00e0 tornare a pesare in Europa.<\/strong><\/p>\n<p><span style=\"font-family: verdana, geneva; font-size: 10pt;\"><strong>Turi &#8211;<\/strong> Venerd\u00ec scorso, presso la Sala Consiliare del Comune di Turi, l\u2019<b>Associazione Turesi nel<\/b> <b>Mondo Onlus<\/b>, nella persona di <b>Domenico Coppi<\/b>, ha organizzato la presentazione del libro <b>\u201cL\u2019Italia dei democratici\u201d a cura di E. Morando e G. Tonini.<\/b><\/span><\/p>\n<p><span style=\"font-family: verdana, geneva; font-size: 10pt;\">Il direttore de \u201cLa Gazzetta del Mezzogiorno\u201d <b>Giuseppe De Tomaso<\/b> ha intervistato il senatore Morando, ponendo alcune questioni relative all\u2019incalzante debito pubblico, dopo una significativa premessa descrittiva sul senatore.<\/span><\/p>\n<p><span style=\"font-family: verdana, geneva; font-size: 10pt;\">\u201cMorando \u00e8 un eretico. Nel 1986 se ne usc\u00ec che il Partito Comunista Italiano&nbsp;doveva chiedere l\u2019adesione all\u2019Internazionale Socialista. Incarna un po\u2019 quello che direbbe Sciascia, ovvero che l\u2019intellettuale sfata i luoghi comuni ed, infatti, c\u2019era il tab\u00f9 del centralismo democratico. Da allora il senatore non si \u00e8 pi\u00f9 fermato perch\u00e9 \u00e8 un provocatore di idee ed in quanto tale ha definito la rivoluzione liberale.\u201d<\/span><\/p>\n<p><span style=\"font-family: verdana, geneva; font-size: 10pt;\"><img loading=\"lazy\" decoding=\"async\" class=\" alignright size-full wp-image-10655\" src=\"https:\/\/archivioturi.lavocedelpaese.info\/wp-content\/uploads\/2013\/02\/morando.jpg\" width=\"300\" height=\"141\" alt=\"morando\" style=\"margin: 8px 0px 8px 8px; float: right;\" \/>Ha, poi, sottolineato che la cifra del libro \u00e8 proprio nella consapevolezza che nulla sia pi\u00f9 di sinistra di una rivoluzione liberale di cui L\u2019Italia ha fermamente bisogno di fronte al pericolo di due tremendi vulcani: il Vesuvio ed il debito pubblico. Il debito di oggi sono le tasse di domani. E ci\u00f2 che bisognerebbe cercare di fare e bloccare questa crescita ma Morando \u00e8 un po\u2019 pessimista. Qualunque intervento deve avere la coscienza che la costituzione impedisce di farlo, specie, senza sovrapposizione tra leader e premier.<\/span><\/p>\n<p><span style=\"font-family: verdana, geneva; font-size: 10pt;\">Il &nbsp;punto di partenza del testo \u00e8 la constatazione che l\u2019Italia \u00e8 intrappolata da quindici anni in un circolo vizioso regressivo fatto di troppa disuguaglianza, scarsa crescita ed eccesso di debito. Morando adduce ad esempio la storia di Mario e Maria, due bambini, entrambi milanesi ma di estrazione sociale diversa: Maria di ceto medio \u2013 basso, ha alle spalle una famiglia benestante; entrambi i genitori sono laureati&nbsp; e pagano un mutuo.<\/span><\/p>\n<p><span style=\"font-family: verdana, geneva; font-size: 10pt;\">Mario \u00e8 figlio di un operaio e di una casalinga che vivono in case popolari con la suocera e non possono permettersi un mutuo. Se in Italia non ci sar\u00e0 una rivoluzione liberale, Maria si laureer\u00e0 e far\u00e0 una vita relativamente agiata e Mario no.<\/span><\/p>\n<p><span style=\"font-family: verdana, geneva; font-size: 10pt;\">La disuguaglianza nasce nel mercato e non pu\u00f2 essere completamente eliminata senza ledere al dinamismo economico. Se poi la spesa pubblica, giustificata da finalit\u00e0 di promozione della crescita economica, \u00e8 poco efficiente nel perseguimento di entrambi gli obiettivi, cresce pi\u00f9 rapidamente del prodotto, innescando la spirale del debito pubblico. L\u2019Italia ha bisogno di una politica di cambiamento che contemporaneamente favorisca un\u2019accelerazione della crescita, consegua il pareggio strutturale di bilancio, abbattendo il debito, e faccia ripartire la mobilit\u00e0 sociale, riducendo la disuguaglianza. C\u2019\u00e8 bisogno di un ciclo riformista. Il coordinatore dell\u2019evento Coppi ha ribadito che deve cambiare culturalmente il modo di pensare. \u201cC\u2019\u00e8 uno iato tra ricchi e poveri ed una limitatissima mobilit\u00e0 sociale. C\u2019\u00e8 uno stallo da cui non si esce. Ci sono interessi molto duri da scalfire. C\u2019\u00e8 bisogno di un cambiamento tanto forte quanto serve. Deve cambiare un certo modo di pensare per riformare.\u201d<\/span><\/p>\n<p><span style=\"font-family: verdana, geneva; font-size: 10pt;\">Anche il <b>sindaco Onofrio Resta<\/b> ha evidenziato la necessit\u00e0 di un cambiamento di&nbsp; mentalit\u00e0 sia a destra che a sinistra e la necessit\u00e0 di fare le riforme citando anche Aldo Moro. \u201c Si deve parlare non solo di diritti ma anche di doveri. La politica serve a fare riforme. Se si pensa solo a prendere lo stipendio non si va avanti. I riformisti di tutti gli schieramenti, dovrebbero fare squadra insieme.\u201d<\/span><\/p>\n<p><span style=\"font-family: verdana, geneva; font-size: 10pt;\">Il capitalismo fordista, con la sua catena di montaggio concepita per una popolazione di analfabeti, \u00e8 stato sostituito dalla conoscenza e dalla produzione del sapere. \u00c9 cambiata la funzione dello stato: da mediatore, a regolatore. Morandi e Tonini ricordano che gi\u00e0 negli anni \u201980 il Psi di Craxi aveva intuito questi mutamenti epocali, ma la sua forma partito non fu all\u2019altezza del progetto. Un dramma che la sinistra italiana non pu\u00f2 permettersi di veder ripetere ancora.<\/span><\/p>\n<p><span style=\"font-family: verdana, geneva; font-size: 10pt;\">Il <b>senatore Morando<\/b> ha anche approfondito la questione che la destra e la sinistra non esistono pi\u00f9. \u201cNorberto Bobbio direbbe che con tutte le distinzioni che si possono fare in questo campo, destra e sinistra continuano ad essere distinte perch\u00e9 la sinistra d\u00e0 all\u2019uguaglianza un valore prevalente che la destra, che pure la considera, non d\u00e0. Ma non c\u2019\u00e8 dubbio che \u00e8 la sinistra che vuole pi\u00f9 bene al principio d\u2019uguaglianza. Il libro si colloca nel campo della sinistra, perch\u00e9 per la sinistra che vuole l\u2019uguaglianza, ci\u00f2 \u00e8 inammissibile.\u201d La posizione presa nel saggio \u00e8 l\u2019egualitarismo liberale. C\u2019\u00e8 qualcosa che non va nella nostra piattaforma programmatica. Il patrimonio va investito ed \u00e8 proprio qui la svolta, attraverso un periodo di governo lungo. Solo rendendo pi\u00f9 produttiva la spesa pubblica con un buon investimento si riduce la pressione fiscale su lavoro e impresa. Servono riforme; bisogna investire nelle teste dei giovani.<\/span><\/p>\n<p><span style=\"font-family: verdana, geneva; font-size: 10pt;\">Il senatore Morando \u00e8 stato presidente della commissione Bilancio, leader dell\u2019area liberale dei Ds ed estensore del programma elettorale del Pd nel 2008.&nbsp;<\/span><\/p>\n","protected":false},"excerpt":{"rendered":"<p><img loading=\"lazy\" decoding=\"async\" class=\" size-full wp-image-10654\" src=\"https:\/\/archivioturi.lavocedelpaese.info\/wp-content\/uploads\/2013\/02\/Morando-Turi.jpg\" width=\"320\" height=\"150\" alt=\"Morando-Turi\" style=\"margin: 0px 3px;\" srcset=\"https:\/\/archivioturi.lavocedelpaese.info\/wp-content\/uploads\/2013\/02\/Morando-Turi.jpg 320w, https:\/\/archivioturi.lavocedelpaese.info\/wp-content\/uploads\/2013\/02\/Morando-Turi-300x141.jpg 300w\" sizes=\"auto, (max-width: 320px) 100vw, 320px\" \/><\/p>\n<p>&nbsp;<\/p>\n","protected":false},"author":1,"featured_media":10654,"comment_status":"open","ping_status":"closed","sticky":false,"template":"","format":"standard","meta":{"colormag_page_container_layout":"default_layout","colormag_page_sidebar_layout":"default_layout","footnotes":""},"categories":[6],"tags":[],"class_list":["post-10656","post","type-post","status-publish","format-standard","has-post-thumbnail","hentry","category-cultura"],"_links":{"self":[{"href":"https:\/\/archivioturi.lavocedelpaese.info\/index.php\/wp-json\/wp\/v2\/posts\/10656","targetHints":{"allow":["GET"]}}],"collection":[{"href":"https:\/\/archivioturi.lavocedelpaese.info\/index.php\/wp-json\/wp\/v2\/posts"}],"about":[{"href":"https:\/\/archivioturi.lavocedelpaese.info\/index.php\/wp-json\/wp\/v2\/types\/post"}],"author":[{"embeddable":true,"href":"https:\/\/archivioturi.lavocedelpaese.info\/index.php\/wp-json\/wp\/v2\/users\/1"}],"replies":[{"embeddable":true,"href":"https:\/\/archivioturi.lavocedelpaese.info\/index.php\/wp-json\/wp\/v2\/comments?post=10656"}],"version-history":[{"count":0,"href":"https:\/\/archivioturi.lavocedelpaese.info\/index.php\/wp-json\/wp\/v2\/posts\/10656\/revisions"}],"wp:featuredmedia":[{"embeddable":true,"href":"https:\/\/archivioturi.lavocedelpaese.info\/index.php\/wp-json\/wp\/v2\/media\/10654"}],"wp:attachment":[{"href":"https:\/\/archivioturi.lavocedelpaese.info\/index.php\/wp-json\/wp\/v2\/media?parent=10656"}],"wp:term":[{"taxonomy":"category","embeddable":true,"href":"https:\/\/archivioturi.lavocedelpaese.info\/index.php\/wp-json\/wp\/v2\/categories?post=10656"},{"taxonomy":"post_tag","embeddable":true,"href":"https:\/\/archivioturi.lavocedelpaese.info\/index.php\/wp-json\/wp\/v2\/tags?post=10656"}],"curies":[{"name":"wp","href":"https:\/\/api.w.org\/{rel}","templated":true}]}}