{"id":10651,"date":"2013-01-30T18:31:31","date_gmt":"2013-01-30T18:31:31","guid":{"rendered":"https:\/\/archivioturi.lavocedelpaese.info\/index.php\/2013\/01\/30\/incidente-grosso-spavento-sulla-turi-conversano\/"},"modified":"2013-01-30T18:31:31","modified_gmt":"2013-01-30T18:31:31","slug":"incidente-grosso-spavento-sulla-turi-conversano","status":"publish","type":"post","link":"https:\/\/archivioturi.lavocedelpaese.info\/index.php\/2013\/01\/30\/incidente-grosso-spavento-sulla-turi-conversano\/","title":{"rendered":"Incidente: grosso spavento sulla Turi-Conversano"},"content":{"rendered":"<p>&nbsp;<img loading=\"lazy\" decoding=\"async\" class=\" size-full wp-image-10649\" src=\"https:\/\/archivioturi.lavocedelpaese.info\/wp-content\/uploads\/2013\/01\/Incidente-turi-conversano-30-gen.jpg\" width=\"320\" height=\"150\" alt=\"Incidente-turi-conversano-30-gen\" style=\"margin: 0px 3px;\" srcset=\"https:\/\/archivioturi.lavocedelpaese.info\/wp-content\/uploads\/2013\/01\/Incidente-turi-conversano-30-gen.jpg 320w, https:\/\/archivioturi.lavocedelpaese.info\/wp-content\/uploads\/2013\/01\/Incidente-turi-conversano-30-gen-300x141.jpg 300w\" sizes=\"auto, (max-width: 320px) 100vw, 320px\" \/><\/p>\n<p>&nbsp;<\/p>\n<p>&nbsp;<\/p>\n<p style=\"text-align: justify;\"><strong><img loading=\"lazy\" decoding=\"async\" class=\" alignright size-full wp-image-10650\" src=\"https:\/\/archivioturi.lavocedelpaese.info\/wp-content\/uploads\/2013\/01\/30012013483.jpg\" width=\"320\" height=\"238\" alt=\"30012013483\" style=\"margin: 8px 0px 8px 8px; float: right;\" srcset=\"https:\/\/archivioturi.lavocedelpaese.info\/wp-content\/uploads\/2013\/01\/30012013483.jpg 320w, https:\/\/archivioturi.lavocedelpaese.info\/wp-content\/uploads\/2013\/01\/30012013483-300x223.jpg 300w\" sizes=\"auto, (max-width: 320px) 100vw, 320px\" \/>Turi &#8211;<\/strong> Incidente stradale questo pomeriggio sulla Turi-Conversano. Una Fiat Panda guidata da una donna di 45 anni si \u00e8 cappottata finendo la sua corsa in mezzo alla carreggiata. \u00c8 successo intorno alle ore 15,15 &nbsp;a circa quattro chilometri da Turi. Le cause dell&#8217;incidente sono ancora da accertare. Sembra che la donna, che procedeva in direzione Turi, abbia perso il controllo del mezzo. L&#8217;auto ha urtato il muretto a secco sul lato destro della strada che in pratica ha fatto da rampa sbilanciando e facendo capovolgere il veicolo.<\/p>\n<p style=\"text-align: justify;\">Probabilmente la velocit\u00e0 non sostenuta ha fatto s\u00ec che l&#8217;auto si fermasse a pochi metri di distanza dall&#8217;impatto con il muretto. La donna \u00e8 rimasta ferita lievemente ed \u00e8 stata soccorsa dai sanitari del 118. Sul posto sono intervenuti i carabinieri della stazione di Monopoli e quelli di Turi.&nbsp;&nbsp;&nbsp;<\/p>\n","protected":false},"excerpt":{"rendered":"<p>&nbsp;<img loading=\"lazy\" decoding=\"async\" class=\" size-full wp-image-10649\" src=\"https:\/\/archivioturi.lavocedelpaese.info\/wp-content\/uploads\/2013\/01\/Incidente-turi-conversano-30-gen.jpg\" width=\"320\" height=\"150\" alt=\"Incidente-turi-conversano-30-gen\" style=\"margin: 0px 3px;\" srcset=\"https:\/\/archivioturi.lavocedelpaese.info\/wp-content\/uploads\/2013\/01\/Incidente-turi-conversano-30-gen.jpg 320w, https:\/\/archivioturi.lavocedelpaese.info\/wp-content\/uploads\/2013\/01\/Incidente-turi-conversano-30-gen-300x141.jpg 300w\" sizes=\"auto, (max-width: 320px) 100vw, 320px\" \/><\/p>\n<p>&nbsp;<\/p>\n","protected":false},"author":1,"featured_media":10649,"comment_status":"open","ping_status":"closed","sticky":false,"template":"","format":"standard","meta":{"colormag_page_container_layout":"default_layout","colormag_page_sidebar_layout":"default_layout","footnotes":""},"categories":[8],"tags":[],"class_list":["post-10651","post","type-post","status-publish","format-standard","has-post-thumbnail","hentry","category-cronaca"],"_links":{"self":[{"href":"https:\/\/archivioturi.lavocedelpaese.info\/index.php\/wp-json\/wp\/v2\/posts\/10651","targetHints":{"allow":["GET"]}}],"collection":[{"href":"https:\/\/archivioturi.lavocedelpaese.info\/index.php\/wp-json\/wp\/v2\/posts"}],"about":[{"href":"https:\/\/archivioturi.lavocedelpaese.info\/index.php\/wp-json\/wp\/v2\/types\/post"}],"author":[{"embeddable":true,"href":"https:\/\/archivioturi.lavocedelpaese.info\/index.php\/wp-json\/wp\/v2\/users\/1"}],"replies":[{"embeddable":true,"href":"https:\/\/archivioturi.lavocedelpaese.info\/index.php\/wp-json\/wp\/v2\/comments?post=10651"}],"version-history":[{"count":0,"href":"https:\/\/archivioturi.lavocedelpaese.info\/index.php\/wp-json\/wp\/v2\/posts\/10651\/revisions"}],"wp:featuredmedia":[{"embeddable":true,"href":"https:\/\/archivioturi.lavocedelpaese.info\/index.php\/wp-json\/wp\/v2\/media\/10649"}],"wp:attachment":[{"href":"https:\/\/archivioturi.lavocedelpaese.info\/index.php\/wp-json\/wp\/v2\/media?parent=10651"}],"wp:term":[{"taxonomy":"category","embeddable":true,"href":"https:\/\/archivioturi.lavocedelpaese.info\/index.php\/wp-json\/wp\/v2\/categories?post=10651"},{"taxonomy":"post_tag","embeddable":true,"href":"https:\/\/archivioturi.lavocedelpaese.info\/index.php\/wp-json\/wp\/v2\/tags?post=10651"}],"curies":[{"name":"wp","href":"https:\/\/api.w.org\/{rel}","templated":true}]}}