{"id":10632,"date":"2013-01-28T08:57:50","date_gmt":"2013-01-28T08:57:50","guid":{"rendered":"https:\/\/archivioturi.lavocedelpaese.info\/index.php\/2013\/01\/28\/brutto-incidente-in-via-casamassima\/"},"modified":"2013-01-28T08:57:50","modified_gmt":"2013-01-28T08:57:50","slug":"brutto-incidente-in-via-casamassima","status":"publish","type":"post","link":"https:\/\/archivioturi.lavocedelpaese.info\/index.php\/2013\/01\/28\/brutto-incidente-in-via-casamassima\/","title":{"rendered":"Brutto incidente in via Casamassima"},"content":{"rendered":"<p><img loading=\"lazy\" decoding=\"async\" class=\" size-full wp-image-10629\" style=\"margin: 0px 3px;\" src=\"https:\/\/archivioturi.lavocedelpaese.info\/wp-content\/uploads\/2013\/01\/Incidente-28-gennaio-Turi.jpg\" alt=\"Incidente-28-gennaio-Turi\" width=\"320\" height=\"150\" srcset=\"https:\/\/archivioturi.lavocedelpaese.info\/wp-content\/uploads\/2013\/01\/Incidente-28-gennaio-Turi.jpg 640w, https:\/\/archivioturi.lavocedelpaese.info\/wp-content\/uploads\/2013\/01\/Incidente-28-gennaio-Turi-300x141.jpg 300w\" sizes=\"auto, (max-width: 320px) 100vw, 320px\" \/><\/p>\n<p>&nbsp;<\/p>\n<p>&nbsp;<\/p>\n<p style=\"text-align: justify;\"><strong><img loading=\"lazy\" decoding=\"async\" class=\" alignright size-full wp-image-10630\" src=\"https:\/\/archivioturi.lavocedelpaese.info\/wp-content\/uploads\/2013\/01\/28012013472.jpg\" width=\"300\" height=\"225\" alt=\"28012013472\" style=\"margin: 8px 0px 8px 8px; float: right;\" \/>Turi &#8211;<\/strong> Questa mattina intorno alle ore 7,15 si \u00e8 verificato un incidente in via Casamassima che ha visto coinvolto una Fiat Brava ed un Tir. I due mezzi procedevano nella stessa direzione, quando per cause in fase di accertamento la Brava \u00e8 finita sotto la parte posteriore del rimorchio del camion. L&#8217;impatto \u00e8 stato violentissimo ed il conducente della Brava, che era solo in auto, \u00e8 stato trasportato all&#8217;ospedale &#8220;Miulli&#8221; di Acquaviva da un&#8217;ambulanza giunta sul posto per soccorrere il ferito. Dalle prime indiscrezioni sembra che le sue condizioni non siano particolarmente gravi. Da stabilire ancora l&#8217;esatta dinamica dell&#8217;incidente. Il Tir, guidato da un cittadino polacco, probabilmente stava rallentando la sua corsa per svoltare in una stradina secondaria. Il conducente della Brava, un uomo di 36 anni residente a Turi, forse abbagliato dal sole che a quell&#8217;ora era molto basso, non \u00e8 riuscito a frenare in tempo schiantandosi contro il <img loading=\"lazy\" decoding=\"async\" class=\" alignleft size-full wp-image-10631\" src=\"https:\/\/archivioturi.lavocedelpaese.info\/wp-content\/uploads\/2013\/01\/28012013481.jpg\" width=\"300\" height=\"325\" alt=\"28012013481\" style=\"margin: 8px 8px 8px 0px; float: left;\" srcset=\"https:\/\/archivioturi.lavocedelpaese.info\/wp-content\/uploads\/2013\/01\/28012013481.jpg 300w, https:\/\/archivioturi.lavocedelpaese.info\/wp-content\/uploads\/2013\/01\/28012013481-277x300.jpg 277w\" sizes=\"auto, (max-width: 300px) 100vw, 300px\" \/>rimorchio del Tir rimanendo incastrato sotto il mezzo pesante. Sul posto sono intervenuti i vigili del fuoco che hanno verificato lo stato di sicurezza dell&#8217;automobile e gli agenti della Polizia Municipale per i rilievi. Il traffico nel tratto stradale ha subito rallentamenti in entrambi i sensi di marcia per oltre due ore.&nbsp;<\/p>\n","protected":false},"excerpt":{"rendered":"<p><img loading=\"lazy\" decoding=\"async\" class=\" size-full wp-image-10629\" style=\"margin: 0px 3px;\" src=\"https:\/\/archivioturi.lavocedelpaese.info\/wp-content\/uploads\/2013\/01\/Incidente-28-gennaio-Turi.jpg\" alt=\"Incidente-28-gennaio-Turi\" width=\"320\" height=\"150\" srcset=\"https:\/\/archivioturi.lavocedelpaese.info\/wp-content\/uploads\/2013\/01\/Incidente-28-gennaio-Turi.jpg 640w, https:\/\/archivioturi.lavocedelpaese.info\/wp-content\/uploads\/2013\/01\/Incidente-28-gennaio-Turi-300x141.jpg 300w\" sizes=\"auto, (max-width: 320px) 100vw, 320px\" \/><\/p>\n<p>&nbsp;<\/p>\n","protected":false},"author":1,"featured_media":10629,"comment_status":"open","ping_status":"closed","sticky":false,"template":"","format":"standard","meta":{"colormag_page_container_layout":"default_layout","colormag_page_sidebar_layout":"default_layout","footnotes":""},"categories":[8],"tags":[],"class_list":["post-10632","post","type-post","status-publish","format-standard","has-post-thumbnail","hentry","category-cronaca"],"_links":{"self":[{"href":"https:\/\/archivioturi.lavocedelpaese.info\/index.php\/wp-json\/wp\/v2\/posts\/10632","targetHints":{"allow":["GET"]}}],"collection":[{"href":"https:\/\/archivioturi.lavocedelpaese.info\/index.php\/wp-json\/wp\/v2\/posts"}],"about":[{"href":"https:\/\/archivioturi.lavocedelpaese.info\/index.php\/wp-json\/wp\/v2\/types\/post"}],"author":[{"embeddable":true,"href":"https:\/\/archivioturi.lavocedelpaese.info\/index.php\/wp-json\/wp\/v2\/users\/1"}],"replies":[{"embeddable":true,"href":"https:\/\/archivioturi.lavocedelpaese.info\/index.php\/wp-json\/wp\/v2\/comments?post=10632"}],"version-history":[{"count":0,"href":"https:\/\/archivioturi.lavocedelpaese.info\/index.php\/wp-json\/wp\/v2\/posts\/10632\/revisions"}],"wp:featuredmedia":[{"embeddable":true,"href":"https:\/\/archivioturi.lavocedelpaese.info\/index.php\/wp-json\/wp\/v2\/media\/10629"}],"wp:attachment":[{"href":"https:\/\/archivioturi.lavocedelpaese.info\/index.php\/wp-json\/wp\/v2\/media?parent=10632"}],"wp:term":[{"taxonomy":"category","embeddable":true,"href":"https:\/\/archivioturi.lavocedelpaese.info\/index.php\/wp-json\/wp\/v2\/categories?post=10632"},{"taxonomy":"post_tag","embeddable":true,"href":"https:\/\/archivioturi.lavocedelpaese.info\/index.php\/wp-json\/wp\/v2\/tags?post=10632"}],"curies":[{"name":"wp","href":"https:\/\/api.w.org\/{rel}","templated":true}]}}