{"id":10562,"date":"2012-12-26T16:25:23","date_gmt":"2012-12-26T16:25:23","guid":{"rendered":"https:\/\/archivioturi.lavocedelpaese.info\/index.php\/2012\/12\/26\/tateo-si-arrampica-sugli-specchi\/"},"modified":"2012-12-26T16:25:23","modified_gmt":"2012-12-26T16:25:23","slug":"tateo-si-arrampica-sugli-specchi","status":"publish","type":"post","link":"https:\/\/archivioturi.lavocedelpaese.info\/index.php\/2012\/12\/26\/tateo-si-arrampica-sugli-specchi\/","title":{"rendered":"Tateo si arrampica sugli specchi"},"content":{"rendered":"<p><span style=\"font-family: verdana, geneva; font-size: 10pt;\">&nbsp;<img loading=\"lazy\" decoding=\"async\" class=\" size-full wp-image-10561\" src=\"https:\/\/archivioturi.lavocedelpaese.info\/wp-content\/uploads\/2012\/12\/Mercieri-Turi.jpg\" width=\"320\" height=\"150\" alt=\"Mercieri-Turi\" style=\"margin: 0px 3px;\" srcset=\"https:\/\/archivioturi.lavocedelpaese.info\/wp-content\/uploads\/2012\/12\/Mercieri-Turi.jpg 320w, https:\/\/archivioturi.lavocedelpaese.info\/wp-content\/uploads\/2012\/12\/Mercieri-Turi-300x141.jpg 300w\" sizes=\"auto, (max-width: 320px) 100vw, 320px\" \/><\/span><\/p>\n<p><span style=\"font-family: verdana, geneva; font-size: 10pt;\">&nbsp;<\/span><\/p>\n<p><span style=\"font-family: verdana, geneva; font-size: 10pt;\"><br \/>\n<\/span><\/p>\n<p><span style=\"font-family: verdana, geneva; font-size: 10pt;\">&nbsp;<\/span><\/p>\n<p style=\"text-align: justify;\"><span style=\"font-family: verdana, geneva; font-size: 10pt;\">Tateo basta con le querele, basta con le minacce e le calunnie ormai sei diventato patetico. Impegnati piuttosto nell\u2019assolvere al tuo ruolo di consigliere delegato al Bilancio ed ai Tributi, nell\u2019interesse dei cittadini amministrati, nel limite del tuo possibile.<\/span><br \/><span style=\"font-family: verdana, geneva; font-size: 10pt;\">I manifesti, cos\u00ec come i comizi sono mezzi di doverosa informazione ai cittadini sull\u2019operato dell\u2019amministrazione comunale.<\/span><br \/><span style=\"font-family: verdana, geneva; font-size: 10pt;\"> Non \u00e8 lesa maest\u00e0 giudicare l\u2019operato di un amministratore comunale; forse questo \u00e8 un tuo convincimento, ma fattene una ragione non \u00e8 proprio cos\u00ec. <\/span><br \/><span style=\"font-family: verdana, geneva; font-size: 10pt;\">Reagisci come credi ma non pensare di mettere il bavaglio alla informazione del Movimento \u201c Impegno per Turi\u201d con le tue minacce o ancora peggio con il tuo puerile vittimismo. <\/span><br \/><span style=\"font-family: verdana, geneva; font-size: 10pt;\">Ed ora veniamo ai fatti che interessano ai cittadini-elettori che si vedono tartassati dall\u2019Amministrazione RESTA anche con tasse occulte. Come se non bastasse gi\u00e0 l\u2019esoso aumento della tassa rifiuti e dell\u2019addizionale IRPEF.<\/span><br \/><span style=\"font-family: verdana, geneva; font-size: 10pt;\">Ci sono tre recenti provvedimenti dell\u2019Amministrazione RESTA che \u00e8 facile supporre abbiano un\u2019unica regia ed un solo filo conduttore e cio\u00e8 continuare a perpetrare spreco di danaro pubblico ed un becero clientelismo che nuoce al nostro paese e alla tasche dei cittadini.<\/span><\/p>\n<p style=\"text-align: justify;\"><span style=\"font-family: verdana, geneva; font-size: 10pt;\"><strong>Primo provvedimento<\/strong> : deliberazione di G.M. n.115 del 23 ottobre 2012;<\/span><br \/><span style=\"font-family: verdana, geneva; font-size: 10pt;\">la Giunta del Sindaco Resta su proposta dell\u2019ignaro consigliere Giacomo De Carolis ha deliberato un ulteriore balzello di \u20ac 5,88 a carico dei cittadini turesi che incorrono in una sanzione del codice della strada. Questo balzello \u00e8 il costo da pagare a Poste ITALANE per un servizio di rendicontazione gi\u00e0 espletato dagli Uffici della Polizia Municipale.<\/span><br \/><span style=\"font-family: verdana, geneva; font-size: 10pt;\">Si vuole far credere che tale balzello \u00e8 finalizzato alla ottimizzazione del servizio. Ma non ci casca nessuno. Il miglioramento e la efficienza di un servizio passa da una seria riorganizzazione del servizio e dalla razionalizzazione delle risorse a disposizione di tale servizio, non certo esternalizzando il servizio ponendo i costi a carico del cittadino.<\/span><br \/><span style=\"font-family: verdana, geneva; font-size: 10pt;\"> Ignaro consigliere Giacomo de Carolis in tempi di riduzione degli sprechi, anzich\u00e9 rincorrere nuovi balzelli a carico dei cittadini, avresti dovuto impegnarti, ad eliminare quell\u2019odioso balzello di \u20ac 4,40 quale contributo per la carta, la penna e l\u2019inchiostro che gi\u00e0 grava sul trasgressore.<\/span><br \/><span style=\"font-family: verdana, geneva; font-size: 10pt;\">Immagina un po\u2019 se tutti gli Uffici comunali dovessero far pagare al cittadino il contributo per carta, penna ed inchiostro per un servizio che a loro \u00e8 dovuto.<\/span><\/p>\n<p style=\"text-align: justify;\"><span style=\"font-family: verdana, geneva; font-size: 10pt;\"><strong>Secondo provvedimento<\/strong> : deliberazione di G.M. n.121 del 30 ottobre 2012<\/span><br \/><span style=\"font-family: verdana, geneva; font-size: 10pt;\">La Giunta dell\u2019Amministrazione Resta, in spregio alle disposizioni che sanciscono la puntuale separazione tra i compiti degli Organi esecutivi ( Sindaco e Giunta) ed i compiti dell\u2019organo di gestione, ovvero dei Responsabili dei servizi, su proposta del Consigliere Tateo designa a decorrere dal 1\u00b0 novembre un Funzionario Responsabile dei Tributi che non dispone dei requisiti per la sottoscrizione degli atti tributari. <\/span><br \/><span style=\"font-family: verdana, geneva; font-size: 10pt;\">Pur di non rinunciare ad esercitare la vergognosa pratica del clientelismo degno della prima Repubblica, l\u2019Amministrazione RESTA ha la spregiudicatezza di incorrere nell\u2019annullamento certo di tutti gli atti sottoscritti dal Funzionario incaricato dalla Giunta Resta, privo dei requisiti.<\/span><\/p>\n<p style=\"text-align: justify;\"><span style=\"font-family: verdana, geneva; font-size: 10pt;\"><strong>Terzo provvedimento<\/strong> : deliberazione del C.C. n.45 del 29 novembre 2012 \u2013 Nomina del Revisore dei Conti<\/span><br \/><span style=\"font-family: verdana, geneva; font-size: 10pt;\">Il Comune di Turi ha pubblicato il bando per la nomina di un Revisore dei conti per il triennio 2012-2015. Sono pervenute n. 9 domande di professionisti con i requisiti richiesti dal bando. Tra le nove domande pervenute al Comune di Turi ci sono anche due domande di altrettanti professionisti nostri concittadini. Puntualmente dieci consiglieri della maggioranza del Sindaco RESTA hanno votato e quindi hanno scelto un professionista esterno.<\/span><br \/><span style=\"font-family: verdana, geneva; font-size: 10pt;\"> Sicuramente il professionista scelto dai dieci consiglieri di maggioranza sar\u00e0 all\u2019altezza di tale incarico ma i cittadini di Turi vorrebbero sapere quali sono i requisiti mancanti ai due professionisti turesi per essere stati esclusi.<\/span><\/p>\n<p style=\"text-align: right;\"><span style=\"font-family: verdana, geneva; font-size: 10pt;\">Il Movimento <\/span><br \/><span style=\"font-family: verdana, geneva; font-size: 10pt;\">\u201c Impegno per Turi \u201c<\/span><\/p>\n","protected":false},"excerpt":{"rendered":"<p><span style=\"font-family: verdana, geneva; font-size: 10pt;\">&nbsp;<img loading=\"lazy\" decoding=\"async\" class=\" size-full wp-image-10561\" src=\"https:\/\/archivioturi.lavocedelpaese.info\/wp-content\/uploads\/2012\/12\/Mercieri-Turi.jpg\" width=\"320\" height=\"150\" alt=\"Mercieri-Turi\" style=\"margin: 0px 3px;\" srcset=\"https:\/\/archivioturi.lavocedelpaese.info\/wp-content\/uploads\/2012\/12\/Mercieri-Turi.jpg 320w, https:\/\/archivioturi.lavocedelpaese.info\/wp-content\/uploads\/2012\/12\/Mercieri-Turi-300x141.jpg 300w\" sizes=\"auto, (max-width: 320px) 100vw, 320px\" \/><\/span><\/p>\n<p><span style=\"font-family: verdana, geneva; font-size: 10pt;\">&nbsp;<\/span><\/p>\n<p><span style=\"font-family: verdana, geneva; font-size: 10pt;\"><\/p>\n","protected":false},"author":1,"featured_media":10561,"comment_status":"open","ping_status":"closed","sticky":false,"template":"","format":"standard","meta":{"colormag_page_container_layout":"default_layout","colormag_page_sidebar_layout":"default_layout","footnotes":""},"categories":[4],"tags":[],"class_list":["post-10562","post","type-post","status-publish","format-standard","has-post-thumbnail","hentry","category-politica"],"_links":{"self":[{"href":"https:\/\/archivioturi.lavocedelpaese.info\/index.php\/wp-json\/wp\/v2\/posts\/10562","targetHints":{"allow":["GET"]}}],"collection":[{"href":"https:\/\/archivioturi.lavocedelpaese.info\/index.php\/wp-json\/wp\/v2\/posts"}],"about":[{"href":"https:\/\/archivioturi.lavocedelpaese.info\/index.php\/wp-json\/wp\/v2\/types\/post"}],"author":[{"embeddable":true,"href":"https:\/\/archivioturi.lavocedelpaese.info\/index.php\/wp-json\/wp\/v2\/users\/1"}],"replies":[{"embeddable":true,"href":"https:\/\/archivioturi.lavocedelpaese.info\/index.php\/wp-json\/wp\/v2\/comments?post=10562"}],"version-history":[{"count":0,"href":"https:\/\/archivioturi.lavocedelpaese.info\/index.php\/wp-json\/wp\/v2\/posts\/10562\/revisions"}],"wp:featuredmedia":[{"embeddable":true,"href":"https:\/\/archivioturi.lavocedelpaese.info\/index.php\/wp-json\/wp\/v2\/media\/10561"}],"wp:attachment":[{"href":"https:\/\/archivioturi.lavocedelpaese.info\/index.php\/wp-json\/wp\/v2\/media?parent=10562"}],"wp:term":[{"taxonomy":"category","embeddable":true,"href":"https:\/\/archivioturi.lavocedelpaese.info\/index.php\/wp-json\/wp\/v2\/categories?post=10562"},{"taxonomy":"post_tag","embeddable":true,"href":"https:\/\/archivioturi.lavocedelpaese.info\/index.php\/wp-json\/wp\/v2\/tags?post=10562"}],"curies":[{"name":"wp","href":"https:\/\/api.w.org\/{rel}","templated":true}]}}