{"id":10558,"date":"2012-12-26T10:59:05","date_gmt":"2012-12-26T10:59:05","guid":{"rendered":"https:\/\/archivioturi.lavocedelpaese.info\/index.php\/2012\/12\/26\/resta-ho-difeso-turi-votando-contro-la-giunta\/"},"modified":"2012-12-26T10:59:05","modified_gmt":"2012-12-26T10:59:05","slug":"resta-ho-difeso-turi-votando-contro-la-giunta","status":"publish","type":"post","link":"https:\/\/archivioturi.lavocedelpaese.info\/index.php\/2012\/12\/26\/resta-ho-difeso-turi-votando-contro-la-giunta\/","title":{"rendered":"Resta: \u201cHo difeso Turi votando contro la Giunta"},"content":{"rendered":"<p>&nbsp;<img loading=\"lazy\" decoding=\"async\" class=\" size-full wp-image-8323\" src=\"https:\/\/archivioturi.lavocedelpaese.info\/wp-content\/uploads\/2012\/02\/onofrio-r.PNG\" width=\"320\" height=\"150\" alt=\"onofrio r\" style=\"margin: 0px 3px;\" \/><\/p>\n<p>&nbsp;<\/p>\n<p>&nbsp;<\/p>\n<p style=\"text-align: justify;\"><span style=\"font-family: verdana, geneva; font-size: 10pt;\">Poveri noi. Si esulta, ci si allarma, ci si dispera. Abbiamo sentito Onofrio Resta sul caso \u201cItc\u201d. L\u2019abbiamo cercato e sentito perch\u00e9 la dichiarazione del preside in cui si dichiarava che il Sindaco di Turi, informato della situazione, si era mostrato sorpreso dell\u2019esistenza stessa di un Piano di riorganizzazione della rete scolastica.<\/span><br \/><span style=\"font-family: verdana, geneva; font-size: 10pt;\">Sembra quasi che mentre i nostri politici raschino il fondo per cercare argomenti da palco elettorale, le ignorate istituzioni scolastiche affrontino come possono \u201cl\u2019emergenza\u201d.<\/span><br \/><span style=\"font-family: verdana, geneva; font-size: 10pt;\">L\u2019anno scorso anche il nostro giornale attacc\u00f2 l\u2019assessore provinciale Onofrio Resta per la sua decisione di \u201cavvalorare\u201d l\u2019accorpamento dell\u2019istituto turese: \u201cAnche un Consiglio Comunale fu indetto \u2013 ricorda il Sindaco Resta \u2013 per poter impallinare il sottoscritto\u201d.<\/span><br \/><span style=\"font-family: verdana, geneva; font-size: 10pt;\">Ricordiamo, erano i tempi in cui fra Resta e Boccardi non scorreva buon sangue. \u201cL\u2019anno scorso non mi convincevano le argomentazioni con cui si voleva costruire l\u2019autonomia scolastica per il nostro istituto.\u201d <\/span><br \/><span style=\"font-family: verdana, geneva; font-size: 10pt;\">Come mai, Sindaco, Lei non sapeva?<\/span><br \/><span style=\"font-family: verdana, geneva; font-size: 10pt;\">\u201cHo spiegato in Giunta che il percorso e il coinvolgimento con il quale si \u00e8 giunti a questo piano non mi ha convito soprattutto in base alle polemiche scatenate l\u2019anno scorso.\u201d <\/span><br \/><span style=\"font-family: verdana, geneva; font-size: 10pt;\">Turi, secondo il piano provinciale, pi\u00f9 che \u201cautonoma\u201d sembra \u201cabbandonata\u201d in attesa di una presunta autonomia. \u201c\u00c8 cos\u00ec ed \u00e8 per questo che ho spiegato e motivato in mio voto contrario in Giunta. Ho fatto mettere a verbale le mie ragioni e ho votato contro il piano. Ho difeso le posizioni di Turi e ho votato contro quelle che non mi sembravano giuste. Nessun futuro politico e amministrativo-istituzionale garantisce l\u2019autonomia. Sarebbe stato un grande azzardo\u201d.<\/span><br \/><span style=\"font-family: verdana, geneva; font-size: 10pt;\">Questo avr\u00e0 generato ulteriori mal di pancia in Giunta e nel centro destra: \u201cQuesta \u00e8 un\u2019altra storia, ma non mi interessa.\u201d<\/span><br \/><span style=\"font-family: verdana, geneva; font-size: 10pt;\">Rutigliano comanda e Boccardi\u2026sbaglia ancora?<\/span><br \/><span style=\"font-family: verdana, geneva; font-size: 10pt;\">\u201cLe considerazioni su Rutigliano le lascio al nostro preside. Perch\u00e9 cambiare dopo un anno? Turi \u00e8 stata sedotta e abbandonata.\u201d<\/span><br \/><span style=\"font-family: verdana, geneva; font-size: 10pt;\">Non ci ha detto di Boccardi?<\/span><br \/><span style=\"font-family: verdana, geneva; font-size: 10pt;\">\u201cBoccardi, Boccardi\u2026 &#8211; ci pensa e sorride il professore ma non si tira indietro \u2013 era stato indotto in errore e ora ha rivisto le sue posizioni\u201d. Non ha paura di perdere il posto in Giunta?<\/span><br \/><span style=\"font-family: verdana, geneva; font-size: 10pt;\">\u201cCi possono essere tensioni ma difendo e lavoro per il territorio e per Turi\u201d.&nbsp;<\/span><\/p>\n","protected":false},"excerpt":{"rendered":"<p>&nbsp;<img loading=\"lazy\" decoding=\"async\" class=\" size-full wp-image-8323\" src=\"https:\/\/archivioturi.lavocedelpaese.info\/wp-content\/uploads\/2012\/02\/onofrio-r.PNG\" width=\"320\" height=\"150\" alt=\"onofrio r\" style=\"margin: 0px 3px;\" \/><\/p>\n<p>&nbsp;<\/p>\n","protected":false},"author":1,"featured_media":8323,"comment_status":"open","ping_status":"closed","sticky":false,"template":"","format":"standard","meta":{"colormag_page_container_layout":"default_layout","colormag_page_sidebar_layout":"default_layout","footnotes":""},"categories":[4],"tags":[],"class_list":["post-10558","post","type-post","status-publish","format-standard","has-post-thumbnail","hentry","category-politica"],"_links":{"self":[{"href":"https:\/\/archivioturi.lavocedelpaese.info\/index.php\/wp-json\/wp\/v2\/posts\/10558","targetHints":{"allow":["GET"]}}],"collection":[{"href":"https:\/\/archivioturi.lavocedelpaese.info\/index.php\/wp-json\/wp\/v2\/posts"}],"about":[{"href":"https:\/\/archivioturi.lavocedelpaese.info\/index.php\/wp-json\/wp\/v2\/types\/post"}],"author":[{"embeddable":true,"href":"https:\/\/archivioturi.lavocedelpaese.info\/index.php\/wp-json\/wp\/v2\/users\/1"}],"replies":[{"embeddable":true,"href":"https:\/\/archivioturi.lavocedelpaese.info\/index.php\/wp-json\/wp\/v2\/comments?post=10558"}],"version-history":[{"count":0,"href":"https:\/\/archivioturi.lavocedelpaese.info\/index.php\/wp-json\/wp\/v2\/posts\/10558\/revisions"}],"wp:featuredmedia":[{"embeddable":true,"href":"https:\/\/archivioturi.lavocedelpaese.info\/index.php\/wp-json\/wp\/v2\/media\/8323"}],"wp:attachment":[{"href":"https:\/\/archivioturi.lavocedelpaese.info\/index.php\/wp-json\/wp\/v2\/media?parent=10558"}],"wp:term":[{"taxonomy":"category","embeddable":true,"href":"https:\/\/archivioturi.lavocedelpaese.info\/index.php\/wp-json\/wp\/v2\/categories?post=10558"},{"taxonomy":"post_tag","embeddable":true,"href":"https:\/\/archivioturi.lavocedelpaese.info\/index.php\/wp-json\/wp\/v2\/tags?post=10558"}],"curies":[{"name":"wp","href":"https:\/\/api.w.org\/{rel}","templated":true}]}}