{"id":10409,"date":"2012-11-21T06:49:14","date_gmt":"2012-11-21T06:49:14","guid":{"rendered":"https:\/\/archivioturi.lavocedelpaese.info\/index.php\/2012\/11\/21\/ad-annet-henneman-il-premio-teatri-delle-diversita\/"},"modified":"2012-11-21T06:49:14","modified_gmt":"2012-11-21T06:49:14","slug":"ad-annet-henneman-il-premio-teatri-delle-diversita","status":"publish","type":"post","link":"https:\/\/archivioturi.lavocedelpaese.info\/index.php\/2012\/11\/21\/ad-annet-henneman-il-premio-teatri-delle-diversita\/","title":{"rendered":"Ad Annet Henneman il Premio Teatri delle diversit\u00e0"},"content":{"rendered":"<p>&nbsp;<img loading=\"lazy\" decoding=\"async\" class=\" size-full wp-image-10407\" src=\"https:\/\/archivioturi.lavocedelpaese.info\/wp-content\/uploads\/2012\/11\/premio-naz-critica.jpg\" width=\"320\" height=\"150\" alt=\"premio-naz-critica\" style=\"margin: 0px 3px;\" srcset=\"https:\/\/archivioturi.lavocedelpaese.info\/wp-content\/uploads\/2012\/11\/premio-naz-critica.jpg 320w, https:\/\/archivioturi.lavocedelpaese.info\/wp-content\/uploads\/2012\/11\/premio-naz-critica-300x141.jpg 300w\" sizes=\"auto, (max-width: 320px) 100vw, 320px\" \/><\/p>\n<p>&nbsp;<\/p>\n<p>&nbsp;<\/p>\n<p style=\"text-align: justify;\"><span style=\"font-family: verdana, geneva; font-size: 10pt;\">Nell\u2019ambito del Premio Nazionale della Critica Teatrale 2012.<\/span><br \/><span style=\"font-family: verdana, geneva; font-size: 10pt;\">In tanti abbiamo avuto modo di conoscere Vito a Turi, iniziando i primi passi di una folgorante carriera professionale che oggi lo vede nel direttivo dell\u2019 Associazione nazionale dei Critici di teatro, eletto a marzo scorso per la durata di quattro anni e con corresponsabilit\u00e0 ai rapporti con il mondo universitario e la critica internazionale. Parallelamente continua ad essere fino al 2014 vicepresidente dell\u2019 Associazione internazionale del Teatro Universitario (IUTA \/ AITU) affiliata all\u2019 UNESCO. Oggi i giovani parlano di \u201cfuga di cervelli\u201d come un fenomeno per il quale scienziati e studiosi si trasferiscono in Paesi stranieri che offrono loro maggiori possibilit\u00e0 e migliori condizioni di vita e di ricerca. Le Universit\u00e0 italiane e l\u2019 Europa offrono possibilit\u00e0 nuove coi Programmi ERASMUS ecc. ma Vito, da giovane studente meridionale partito da Turi, cap\u00ec subito che il richiamo culturale di Carlo B\u00f2 era fondamentale per il Teatro e anche per i suoi impegni futuri. A Turi in pochi, da quando non esiste pi\u00f9 di fatto la sezione emertoca presso la biblioteca comunale, seguiamo la sua disciplina artistica divulgata attraverso <\/span><span style=\"font-family: verdana, geneva; font-size: 10pt;\">la rivista europea Catarsi-Teatri delle diversit\u00e0 che per la terza volta insieme ad altre due pubblicazioni di settore (Sipario ed Hystrio), a fianco della Associazione Nazionale dei Critici di Teatro esprime un proprio riconoscimento a favore di una personalit\u00e0 che pi\u00f9 significativamente si \u00e8 distinta nel corso dell\u2019ultima stagione teatrale.<\/span><br \/><span style=\"font-family: verdana, geneva; font-size: 10pt;\"><\/span><\/p>\n<p style=\"text-align: justify;\"><span style=\"font-family: verdana, geneva; font-size: 10pt;\"><img loading=\"lazy\" decoding=\"async\" class=\" alignright size-full wp-image-10408\" src=\"https:\/\/archivioturi.lavocedelpaese.info\/wp-content\/uploads\/2012\/11\/in-the-taxi-2.jpg\" width=\"300\" height=\"225\" alt=\"in-the-taxi-2\" style=\"margin: 8px 0px 8px 8px; float: right;\" \/>La rivista fondata nel 1996 da Emilio Pozzi e Vito Minoia, prodotta dalle Edizioni Nuove Catarsi a cura della associazione culturale Aenigma, con cadenza trimestrale e prevalente profilo monotematico, si propone, con l\u2019ambizione dell\u2019 entusiasmo, pi\u00f9 scopi (informazione, ricerca, riflessione critica) al fine di promuovere sempre pi\u00f9 iniziative che intendano usare il teatro, nella sua pi\u00f9 ampia accezione, come strumento di formazione e di comunicazione, nei, per e dai mondi considerati \u201cdifferenti\u201d.<\/span><br \/><span style=\"font-family: verdana, geneva; font-size: 10pt;\">Il Premio \u201cTeatri delle diversit\u00e0\u201d \u00e8 stato assegnato quest\u2019anno all\u2019attrice e regista olandese Annet Henneman con la seguente motivazione: <\/span><br \/><span style=\"font-family: verdana, geneva; font-size: 10pt;\">Il Teatro Reportage di Annet Henneman \u00e8 diventato un punto di riferimento nella ricerca che coniuga aspetti educativi e sociali con esiti di alta teatralit\u00e0.<\/span><br \/><span style=\"font-family: verdana, geneva; font-size: 10pt;\">L\u2019attrice e regista olandese, formatasi negli anni Ottanta all\u2019Accademia di Espressione e Comunicazione di Leeuwarden e gi\u00e0 impegnata in quegli anni in attivit\u00e0 teatrali rivolte a giovani sottoposti a procedimenti penali e a bambini disadattati, \u00e8 attratta dall\u2019insegnamento di Jerzy Grotowski frequentando corsi diretti da Riszard Cieslak e Zbigniev Cynkutis a Wroclaw e Berlino, fino ad aderire al Teatro delle Sorgenti e a partecipare alle attivit\u00e0 del Gruppo internazionale l\u2019Avventura di Volterra, dove fonda nel 1987 l\u2019Associazione Culturale Carte Blanche insieme ad Armando Punzo, con il quale condivide i primi dieci anni di lavoro dell\u2019esperienza teatrale in carcere. Nel 1997, con la fondazione dell\u2019Associazione Teatro di Nascosto\/Hidden Theatre si apre l\u2019ultima fase della sua ricerca personale che negli ultimi quindici anni l\u2019ha portata a coniugare teatro e giornalismo, dando voce a popoli e persone con diritti negati, viaggiando molto in Occidente ed in Medio Oriente, e fondando l\u2019Accademia di Teatro Reportage con ospitalit\u00e0 a molte persone richiedenti asilo o rifugiati. Tra il 2005 e il 2008 riesce a coinvolgere un gruppo di 30 parlamentari europei, invitandoli a partecipare come attori in azioni teatrali insieme a rifugiati e a riflettere intorno a possibili azioni legislative per migliorare le loro condizioni. Negli ultimi anni conduce una ricerca teatrale in campo psichiatrico per l\u2019ASL di Massa e costituisce il Gruppo internazionale di Teatro di Nascosto tornando a mettere in scena storie di vita di donne in Medio Oriente. Straordinario il suo ultimo ?? ??? (mur halu &#8211; amaro dolce), spettacolo ispirato alla storia di una giornalista irachena che racconta la paura, il coraggio, la speranza di chi non si arrende alla violenza che la minaccia.<\/span><\/p>\n<p style=\"text-align: justify;\"><span style=\"font-family: verdana, geneva; font-size: 10pt;\">Tra i premi della Associazione Nazionale dei Critici di Teatro (Anct) diretta da Giulio Baffi, quest\u2019anno spicca The coast of Utopi\u00e0, spettacolo dell\u2019anno, testo di Tom Stoppard, regia di Marco Tullio Giordana, prodotto da Zachar di Michela Cescon con il Teatro Stabile di Torino e il Teatro di Roma. Premiati anche gli spettacoli Le cinque rose di Jennifer, per la regia di Pierpaolo Sepe, e La merd\u00e0, di Cristian Ceresoli. Riconoscimenti anche al drammaturgo Mimmo Borrelli, all\u2019attrice Sonia Bergamasco, al Centro culturale Il Funaro di Pistoia, al Festival Orestiadi di Gibellina diretto da Claudio Collov\u00e0, alle compagnie Balletto Civile e Carrozzeria Orfeo, alla costumista Emanuela Dall\u2019Aglio e alla casa editrice Titivillus.<\/span><br \/><span style=\"font-family: verdana, geneva; font-size: 10pt;\"> All\u2019attrice Giulia Lazzarini andr\u00e0 invece il Premio \u201cPaolo Emilio Poesio\u201d alla carriera. I premi delle altre due riviste di settore saranno consegnati all\u2019attrice e regista Veronica Cruciani (Hystrio) e allo spettacolo Il ventaglio di Goldoni per la regia di Alberto Oliva (Sipario).<\/span><\/p>\n<p style=\"text-align: justify;\"><span style=\"font-family: verdana, geneva; font-size: 10pt;\">La cerimonia, che ogni anno tocca nuove regioni e teatri del territorio nazionale, si \u00e8 tenuta al Teatro Sybaris di Castrovillari domenica 4 novembre alle ore 17.00, nell\u2019ambito del Festival Primavera dei Teatri. Con l\u2019 interclub Club UNESCO di Bisceglie Napoli e Brindisi ero impegnato a Napoli per il CONCERTO PER LA PACE 3 presso la Cappella del Tesoro di San Gennaro, Vito l\u2019ho ascoltato ancora (dopo un sms) in diretta radiofonica in \u201cpiazza verdi\u201d su Radio 3, ormai si comunica cos\u00ec, gli anni passano e se la tecnologia avanza il Teatro c\u2019\u00e8 pi\u00f9 di prima. <\/span><\/p>\n","protected":false},"excerpt":{"rendered":"<p>&nbsp;<img loading=\"lazy\" decoding=\"async\" class=\" size-full wp-image-10407\" src=\"https:\/\/archivioturi.lavocedelpaese.info\/wp-content\/uploads\/2012\/11\/premio-naz-critica.jpg\" width=\"320\" height=\"150\" alt=\"premio-naz-critica\" style=\"margin: 0px 3px;\" srcset=\"https:\/\/archivioturi.lavocedelpaese.info\/wp-content\/uploads\/2012\/11\/premio-naz-critica.jpg 320w, https:\/\/archivioturi.lavocedelpaese.info\/wp-content\/uploads\/2012\/11\/premio-naz-critica-300x141.jpg 300w\" sizes=\"auto, (max-width: 320px) 100vw, 320px\" \/><\/p>\n<p>&nbsp;<\/p>\n","protected":false},"author":1,"featured_media":10407,"comment_status":"open","ping_status":"closed","sticky":false,"template":"","format":"standard","meta":{"colormag_page_container_layout":"default_layout","colormag_page_sidebar_layout":"default_layout","footnotes":""},"categories":[6],"tags":[],"class_list":["post-10409","post","type-post","status-publish","format-standard","has-post-thumbnail","hentry","category-cultura"],"_links":{"self":[{"href":"https:\/\/archivioturi.lavocedelpaese.info\/index.php\/wp-json\/wp\/v2\/posts\/10409","targetHints":{"allow":["GET"]}}],"collection":[{"href":"https:\/\/archivioturi.lavocedelpaese.info\/index.php\/wp-json\/wp\/v2\/posts"}],"about":[{"href":"https:\/\/archivioturi.lavocedelpaese.info\/index.php\/wp-json\/wp\/v2\/types\/post"}],"author":[{"embeddable":true,"href":"https:\/\/archivioturi.lavocedelpaese.info\/index.php\/wp-json\/wp\/v2\/users\/1"}],"replies":[{"embeddable":true,"href":"https:\/\/archivioturi.lavocedelpaese.info\/index.php\/wp-json\/wp\/v2\/comments?post=10409"}],"version-history":[{"count":0,"href":"https:\/\/archivioturi.lavocedelpaese.info\/index.php\/wp-json\/wp\/v2\/posts\/10409\/revisions"}],"wp:featuredmedia":[{"embeddable":true,"href":"https:\/\/archivioturi.lavocedelpaese.info\/index.php\/wp-json\/wp\/v2\/media\/10407"}],"wp:attachment":[{"href":"https:\/\/archivioturi.lavocedelpaese.info\/index.php\/wp-json\/wp\/v2\/media?parent=10409"}],"wp:term":[{"taxonomy":"category","embeddable":true,"href":"https:\/\/archivioturi.lavocedelpaese.info\/index.php\/wp-json\/wp\/v2\/categories?post=10409"},{"taxonomy":"post_tag","embeddable":true,"href":"https:\/\/archivioturi.lavocedelpaese.info\/index.php\/wp-json\/wp\/v2\/tags?post=10409"}],"curies":[{"name":"wp","href":"https:\/\/api.w.org\/{rel}","templated":true}]}}