{"id":10381,"date":"2012-11-12T08:34:16","date_gmt":"2012-11-12T08:34:16","guid":{"rendered":"https:\/\/archivioturi.lavocedelpaese.info\/index.php\/2012\/11\/12\/taglio-dei-costi-taglio-di-democrazia\/"},"modified":"2012-11-12T08:34:16","modified_gmt":"2012-11-12T08:34:16","slug":"taglio-dei-costi-taglio-di-democrazia","status":"publish","type":"post","link":"https:\/\/archivioturi.lavocedelpaese.info\/index.php\/2012\/11\/12\/taglio-dei-costi-taglio-di-democrazia\/","title":{"rendered":"Taglio dei costi, taglio di democrazia"},"content":{"rendered":"<p>&nbsp;<img loading=\"lazy\" decoding=\"async\" class=\" size-full wp-image-10380\" src=\"https:\/\/archivioturi.lavocedelpaese.info\/wp-content\/uploads\/2012\/11\/Sel-Turi-rifondazione.jpg\" width=\"320\" height=\"150\" alt=\"Sel-Turi-rifondazione\" style=\"margin: 0px 3px;\" srcset=\"https:\/\/archivioturi.lavocedelpaese.info\/wp-content\/uploads\/2012\/11\/Sel-Turi-rifondazione.jpg 320w, https:\/\/archivioturi.lavocedelpaese.info\/wp-content\/uploads\/2012\/11\/Sel-Turi-rifondazione-300x141.jpg 300w\" sizes=\"auto, (max-width: 320px) 100vw, 320px\" \/><\/p>\n<p>&nbsp;<\/p>\n<p>&nbsp;<\/p>\n<p style=\"text-align: justify;\"><span style=\"font-family: verdana, geneva; font-size: 10pt;\"><strong>Turi &#8211;<\/strong> La previsione delle \u201cCitt\u00e0 Metropolitane\u201d presenta per Rifondazione Comunista una serie di criticit\u00e0, tra cui:<\/span><br \/><span style=\"font-family: verdana, geneva; font-size: 10pt;\">\u2022 il fatto che si sia proceduto ad un riordino istituzionale della struttura dello Stato, non con una organica riforma costituzionale, bens\u00ec attraverso un decreto legge (il n. 95 del 6 luglio 2012 recante \u201cDisposizioni urgenti per la revisione della spesa pubblica con invarianza dei servizi ai cittadini, nonch\u00e9 misure di rafforzamento patrimoniale delle imprese del settore bancario\u201d). Il decreto rappresenta uno strumento d\u2019urgenza, che mai dovrebbe essere utilizzato per la modifica delle fondamenta dello Stato;<\/span><br \/><span style=\"font-family: verdana, geneva; font-size: 10pt;\">\u2022 la riduzione della democraticit\u00e0 del nuovo ente rispetto a quanto previsto per le Province; si pensi ai due organi della Citt\u00e0 Metropolitana: il consiglio, a norma di legge, sar\u00e0 costituito da rappresentanti non eletti dal corpo elettorale sovrano, bens\u00ec dai consigli comunali (\u201ci componenti del consiglio sono eletti tra i sindaci e i consiglieri comunali dei comuni ricompresi nel territorio della citt\u00e0 metropolitana, da un collegio formato dai medesimi\u201d); si tratta, dunque, di un\u2019elezione di secondo livello, che lede il diritto dei cittadini di scegliere i propri rappresentanti per le pubbliche cariche; idem dicasi per la disposizione che prevede che sia lo statuto a definire la modalit\u00e0 secondo la quale scegliere il sindaco metropolitano, dando la possibilit\u00e0 che tale carica sia ricoperta di diritto dal sindaco del comune capoluogo;<\/span><br \/><span style=\"font-family: verdana, geneva; font-size: 10pt;\">\u2022 la previsione di un numero insufficiente di consiglieri: immaginare che l\u2019intero territorio della Citt\u00e0 Metropolitana (cos\u00ec come si sta delineando) sia governato da soli dodici consiglieri rappresenta un\u2019ulteriore riduzione della democraticit\u00e0 dell\u2019ente; il taglio dei costi della politica non pu\u00f2 e non deve significare riduzione della democrazia.<\/span><br \/><span style=\"font-family: verdana, geneva; font-size: 10pt;\">Non volendo dilungarci sulla disamina degli ulteriori aspetti negativi del decreto legge e dell\u2019istituzione del nuovo ente, prendiamo atto dell\u2019inevitabile ingresso del nostro Comune all\u2019interno della Citt\u00e0 Metropolitana di Bari, circostanza che non deve portarci, tuttavia, a dimenticare tali criticit\u00e0, ponendole anzi come punto di partenza per la costruzione di questo nuovo ente locale, che, pur previsto dalla legge, risulta al momento un contenitore vuoto, aperto ad assumere le vesti pi\u00f9 diversificate.<\/span><br \/><span style=\"font-family: verdana, geneva; font-size: 10pt;\">Per questo ritenevamo e riteniamo inutile un Referendum che consenta ai cittadini di scegliere se aderire o meno alla Citt\u00e0 Metropolitana di Bari: il Referendum ha senso per le realt\u00e0 di confine tra una provincia e l\u2019altra, condizione che non riguarda il nostro centro ed, inoltre, un Referendum per l\u2019adesione ad un ente le cui caratteristiche specifiche sono al momento sconosciute non ha senso.<\/span><br \/><span style=\"font-family: verdana, geneva; font-size: 10pt;\">Ci\u00f2 che finora \u00e8 mancato totalmente dalla discussione \u00e8 la finalit\u00e0 della Citt\u00e0 metropolitana, che sarebbe nefasto immaginare soltanto come un livello amministrativo. il rischio potrebbe non essere la costruzione condivisa della visione sul futuro dello sviluppo di quest\u2019area, bens\u00ec l\u2019aumento del peso politico-amministrativo della Citt\u00e0 di Bari e l\u2019ampliamento di squilibri territoriali.<\/span><br \/><span style=\"font-family: verdana, geneva; font-size: 10pt;\">\u00c8 necessario che la Citt\u00e0 Metropolitana risponda alle esigenze di un territorio plurale e multiforme, tendendo conto delle peculiarit\u00e0 delle singole aree che lo compongono.<\/span><br \/><span style=\"font-family: verdana, geneva; font-size: 10pt;\">Per queste ragioni, la sezione locale di Rifondazione Comunista chiede al Sindaco ed al Consiglio Comunale:<\/span><br \/><span style=\"font-family: verdana, geneva; font-size: 10pt;\">\u2022 massimo coinvolgimento delle forze politiche e sociali e dei cittadini tutti al processo di formazione della Citt\u00e0 Metropolitana, il che significa il massimo coinvolgimento dell\u2019intera cittadinanza alla redazione dello Statuto, con il recepimento delle istanze provenienti dal basso e la risoluzione delle questioni di merito, le sole in grado di conferire un chiaro assetto alla Citt\u00e0 Metropolitana; ad esempio, quali siano e come potrebbero essere strutturati i rapporti tra questo sistema amministrativo e gli strumenti di programmazione territoriale a livello sub-provinciale (contratti d\u2019area, Distretti Industriali, patti territoriali, aree vaste, Gal, Ato, ecc.) e tutti gli altri strumenti rivenienti dall\u2019attuazione delle misure dei Fondi Strutturali Europei;<\/span><br \/><span style=\"font-family: verdana, geneva; font-size: 10pt;\">\u2022 inserimento nello statuto dell\u2019elezione diretta del sindaco metropolitano e dei consiglieri metropolitani;<\/span><br \/><span style=\"font-family: verdana, geneva; font-size: 10pt;\">\u2022 referendum sullo Statuto; si tratterebbe di un referendum successivo all\u2019elaborazione dello Statuto, che consentirebbe ai cittadini di esprimere la propria idea sul concreto assetto della Citt\u00e0 Metropolitana.<\/span><\/p>\n<p style=\"text-align: justify;\"><span style=\"font-family: verdana, geneva; font-size: 10pt;\">Cordialmente,<\/span><\/p>\n<p style=\"text-align: right;\">Rifondazione <br \/>Comunista<br \/>Turi<\/p>\n","protected":false},"excerpt":{"rendered":"<p>&nbsp;<img loading=\"lazy\" decoding=\"async\" class=\" size-full wp-image-10380\" src=\"https:\/\/archivioturi.lavocedelpaese.info\/wp-content\/uploads\/2012\/11\/Sel-Turi-rifondazione.jpg\" width=\"320\" height=\"150\" alt=\"Sel-Turi-rifondazione\" style=\"margin: 0px 3px;\" srcset=\"https:\/\/archivioturi.lavocedelpaese.info\/wp-content\/uploads\/2012\/11\/Sel-Turi-rifondazione.jpg 320w, https:\/\/archivioturi.lavocedelpaese.info\/wp-content\/uploads\/2012\/11\/Sel-Turi-rifondazione-300x141.jpg 300w\" sizes=\"auto, (max-width: 320px) 100vw, 320px\" \/><\/p>\n<p>&nbsp;<\/p>\n","protected":false},"author":1,"featured_media":10380,"comment_status":"open","ping_status":"closed","sticky":false,"template":"","format":"standard","meta":{"colormag_page_container_layout":"default_layout","colormag_page_sidebar_layout":"default_layout","footnotes":""},"categories":[4],"tags":[],"class_list":["post-10381","post","type-post","status-publish","format-standard","has-post-thumbnail","hentry","category-politica"],"_links":{"self":[{"href":"https:\/\/archivioturi.lavocedelpaese.info\/index.php\/wp-json\/wp\/v2\/posts\/10381","targetHints":{"allow":["GET"]}}],"collection":[{"href":"https:\/\/archivioturi.lavocedelpaese.info\/index.php\/wp-json\/wp\/v2\/posts"}],"about":[{"href":"https:\/\/archivioturi.lavocedelpaese.info\/index.php\/wp-json\/wp\/v2\/types\/post"}],"author":[{"embeddable":true,"href":"https:\/\/archivioturi.lavocedelpaese.info\/index.php\/wp-json\/wp\/v2\/users\/1"}],"replies":[{"embeddable":true,"href":"https:\/\/archivioturi.lavocedelpaese.info\/index.php\/wp-json\/wp\/v2\/comments?post=10381"}],"version-history":[{"count":0,"href":"https:\/\/archivioturi.lavocedelpaese.info\/index.php\/wp-json\/wp\/v2\/posts\/10381\/revisions"}],"wp:featuredmedia":[{"embeddable":true,"href":"https:\/\/archivioturi.lavocedelpaese.info\/index.php\/wp-json\/wp\/v2\/media\/10380"}],"wp:attachment":[{"href":"https:\/\/archivioturi.lavocedelpaese.info\/index.php\/wp-json\/wp\/v2\/media?parent=10381"}],"wp:term":[{"taxonomy":"category","embeddable":true,"href":"https:\/\/archivioturi.lavocedelpaese.info\/index.php\/wp-json\/wp\/v2\/categories?post=10381"},{"taxonomy":"post_tag","embeddable":true,"href":"https:\/\/archivioturi.lavocedelpaese.info\/index.php\/wp-json\/wp\/v2\/tags?post=10381"}],"curies":[{"name":"wp","href":"https:\/\/api.w.org\/{rel}","templated":true}]}}