{"id":10379,"date":"2012-11-12T08:29:20","date_gmt":"2012-11-12T08:29:20","guid":{"rendered":"https:\/\/archivioturi.lavocedelpaese.info\/index.php\/2012\/11\/12\/monitorare-il-lavoro-per-lo-statuto\/"},"modified":"2012-11-12T08:29:20","modified_gmt":"2012-11-12T08:29:20","slug":"monitorare-il-lavoro-per-lo-statuto","status":"publish","type":"post","link":"https:\/\/archivioturi.lavocedelpaese.info\/index.php\/2012\/11\/12\/monitorare-il-lavoro-per-lo-statuto\/","title":{"rendered":"Monitorare il lavoro per lo statuto"},"content":{"rendered":"<p>&nbsp;<img loading=\"lazy\" decoding=\"async\" class=\" size-full wp-image-10378\" src=\"https:\/\/archivioturi.lavocedelpaese.info\/wp-content\/uploads\/2012\/11\/Dibattito-Turi.jpg\" width=\"320\" height=\"150\" alt=\"Dibattito-Turi\" style=\"margin: 0px 3px;\" srcset=\"https:\/\/archivioturi.lavocedelpaese.info\/wp-content\/uploads\/2012\/11\/Dibattito-Turi.jpg 320w, https:\/\/archivioturi.lavocedelpaese.info\/wp-content\/uploads\/2012\/11\/Dibattito-Turi-300x141.jpg 300w\" sizes=\"auto, (max-width: 320px) 100vw, 320px\" \/><\/p>\n<p>&nbsp;<\/p>\n<p>&nbsp;<\/p>\n<p style=\"text-align: justify;\"><span style=\"font-family: verdana, geneva; font-size: 10pt;\">Sabato 3 Novembre Rifondazione Comunista ha organizzato un dibattito nella sala della Biblioteca comunale sul tema della citt\u00e0 metropolitana, invitando i gruppi consiliari, esponenti di partito turesi e dei comuni limitrofi, cittadini ad avanzare le proprie riflessioni e proposte sul tema.<\/span><br \/><span style=\"font-family: verdana, geneva; font-size: 10pt;\">All\u2019incontro hanno aderito la maggioranza, rappresentata dal consigliere Carenza, Impegno per Turi, con l\u2019ing. Mercieri, Coladonato e Petrera, Turi citt\u00e0 Futura con Catalano e Notarnicola, il segretario del PD Risplendente assieme a Coppi e Salice, Tina Resta.<\/span><br \/><span style=\"font-family: verdana, geneva; font-size: 10pt;\">Il tema \u00e8 stato introdotto da Lavinia Orlando, la quale ha inquadrato il decreto legge e gli articoli imputati. <\/span><br \/><span style=\"font-family: verdana, geneva; font-size: 10pt;\">Il dibattito, vivace e costruttivo, ha fatto emergere la posizione di Mercieri, prudente e tesa a cercare di cogliere tutti gli aspetti della questione, senza preconcetti e facili entusiasmi.<\/span><br \/><span style=\"font-family: verdana, geneva; font-size: 10pt;\">Maggior convinzione della validit\u00e0 del progetto \u00e8 stata espressa da Catalano e Notarnicola, sostenitori del progetto della citt\u00e0 metropolitana come apertura ad un contenitore di opportunit\u00e0.<\/span><br \/><span style=\"font-family: verdana, geneva; font-size: 10pt;\">Carenza ha espresso l\u2019esigenza di un cambiamento alla luce di uno stato di cose che non ha garantito i servizi necessari.<\/span><br \/><span style=\"font-family: verdana, geneva; font-size: 10pt;\">Sono intervenuti il segretario di Rifondazione Comunista di Mola, il quale ha posto l\u2019accento sulla criticit\u00e0 di una riforma epocale effettuata con uno strumento come il decreto legge, un progetto che allo stato attuale \u00e8 completamente vuoto di contenuti e che rischia piuttosto di accentrare i poteri attorno a Bari piuttosto che valorizzare le risorse dei territori. Ha denunciato la scarsa democrazia del consiglio metropolitano, formato da dodici consiglieri non eletti tra i cittadini, l\u2019inevitabile appiattimento dello statuto agli interessi e la volont\u00e0 del capoluogo, dato che, tra le altre cose, l\u2019approvazione dello stesso presuppone il voto vincolante del sindaco di Bari.<\/span><br \/><span style=\"font-family: verdana, geneva; font-size: 10pt;\">L\u2019architetto di Alberobello Michelangelo Dragone ha sottolineato l\u2019esigenza di una citt\u00e0 metropolitana che sappia avviare un processo di programmazione seria del territorio, attraverso meccanismi partecipativi, aperti, in cui i territori sono coinvolti nelle scelte e non passivi ricettori, citando l\u2019esempio della valorizzazione di un quartiere di Amsterdam attraverso il coinvolgimento degli stessi residenti nel progetto di riqualificazione.<\/span><br \/><span style=\"font-family: verdana, geneva; font-size: 10pt;\">Il segretario del PD Risplendente ha intravisto margini di crescita nella possibilit\u00e0 di organizzare i comuni della citt\u00e0 metropolitana in aree omogenee.<\/span><br \/><span style=\"font-family: verdana, geneva; font-size: 10pt;\">L\u2019incontro si \u00e8 chiuso con la proposta di Rifondazione Comunista di monitorare costantemente i lavori di definizione dello statuto e di avviare un referendum tra i cittadini dopo la sua stesura, in maniera da permettere alle persone di esprimersi non su un contenitore vuoto, ma su uno strumento in cui \u00e8 pi\u00f9 chiaro quali possano essere le reali opportunit\u00e0 per il territorio.<\/span><\/p>\n","protected":false},"excerpt":{"rendered":"<p>&nbsp;<img loading=\"lazy\" decoding=\"async\" class=\" size-full wp-image-10378\" src=\"https:\/\/archivioturi.lavocedelpaese.info\/wp-content\/uploads\/2012\/11\/Dibattito-Turi.jpg\" width=\"320\" height=\"150\" alt=\"Dibattito-Turi\" style=\"margin: 0px 3px;\" srcset=\"https:\/\/archivioturi.lavocedelpaese.info\/wp-content\/uploads\/2012\/11\/Dibattito-Turi.jpg 320w, https:\/\/archivioturi.lavocedelpaese.info\/wp-content\/uploads\/2012\/11\/Dibattito-Turi-300x141.jpg 300w\" sizes=\"auto, (max-width: 320px) 100vw, 320px\" \/><\/p>\n<p>&nbsp;<\/p>\n","protected":false},"author":1,"featured_media":10378,"comment_status":"open","ping_status":"closed","sticky":false,"template":"","format":"standard","meta":{"colormag_page_container_layout":"default_layout","colormag_page_sidebar_layout":"default_layout","footnotes":""},"categories":[4],"tags":[],"class_list":["post-10379","post","type-post","status-publish","format-standard","has-post-thumbnail","hentry","category-politica"],"_links":{"self":[{"href":"https:\/\/archivioturi.lavocedelpaese.info\/index.php\/wp-json\/wp\/v2\/posts\/10379","targetHints":{"allow":["GET"]}}],"collection":[{"href":"https:\/\/archivioturi.lavocedelpaese.info\/index.php\/wp-json\/wp\/v2\/posts"}],"about":[{"href":"https:\/\/archivioturi.lavocedelpaese.info\/index.php\/wp-json\/wp\/v2\/types\/post"}],"author":[{"embeddable":true,"href":"https:\/\/archivioturi.lavocedelpaese.info\/index.php\/wp-json\/wp\/v2\/users\/1"}],"replies":[{"embeddable":true,"href":"https:\/\/archivioturi.lavocedelpaese.info\/index.php\/wp-json\/wp\/v2\/comments?post=10379"}],"version-history":[{"count":0,"href":"https:\/\/archivioturi.lavocedelpaese.info\/index.php\/wp-json\/wp\/v2\/posts\/10379\/revisions"}],"wp:featuredmedia":[{"embeddable":true,"href":"https:\/\/archivioturi.lavocedelpaese.info\/index.php\/wp-json\/wp\/v2\/media\/10378"}],"wp:attachment":[{"href":"https:\/\/archivioturi.lavocedelpaese.info\/index.php\/wp-json\/wp\/v2\/media?parent=10379"}],"wp:term":[{"taxonomy":"category","embeddable":true,"href":"https:\/\/archivioturi.lavocedelpaese.info\/index.php\/wp-json\/wp\/v2\/categories?post=10379"},{"taxonomy":"post_tag","embeddable":true,"href":"https:\/\/archivioturi.lavocedelpaese.info\/index.php\/wp-json\/wp\/v2\/tags?post=10379"}],"curies":[{"name":"wp","href":"https:\/\/api.w.org\/{rel}","templated":true}]}}