{"id":10347,"date":"2012-11-05T09:13:37","date_gmt":"2012-11-05T09:13:37","guid":{"rendered":"https:\/\/archivioturi.lavocedelpaese.info\/index.php\/2012\/11\/05\/bambari-completata-la-terza-aula\/"},"modified":"2012-11-05T09:13:37","modified_gmt":"2012-11-05T09:13:37","slug":"bambari-completata-la-terza-aula","status":"publish","type":"post","link":"https:\/\/archivioturi.lavocedelpaese.info\/index.php\/2012\/11\/05\/bambari-completata-la-terza-aula\/","title":{"rendered":"Bambar\u00ec: completata la terza aula"},"content":{"rendered":"<p>&nbsp;<img loading=\"lazy\" decoding=\"async\" class=\" size-full wp-image-10345\" src=\"https:\/\/archivioturi.lavocedelpaese.info\/wp-content\/uploads\/2012\/11\/Bambari-Turi-1.jpg\" width=\"320\" height=\"150\" alt=\"Bambari-Turi-1\" style=\"margin: 0px 3px;\" srcset=\"https:\/\/archivioturi.lavocedelpaese.info\/wp-content\/uploads\/2012\/11\/Bambari-Turi-1.jpg 320w, https:\/\/archivioturi.lavocedelpaese.info\/wp-content\/uploads\/2012\/11\/Bambari-Turi-1-300x141.jpg 300w\" sizes=\"auto, (max-width: 320px) 100vw, 320px\" \/><\/p>\n<p>&nbsp;<\/p>\n<p>&nbsp;<\/p>\n<p style=\"text-align: justify;\">&#8220;Il settore educativo \u00e8 importantissimo: l\u201980% della popolazione \u00e8 ancora analfabeta, ad una persona ignorante \u00e8 facile dare in mano un\u2019arma per uccidere \u2026. soprattutto se ha bisogno di sopravvivere \u2026 n\u00e9 un popolo che non \u00e8 educato ed istruito, pu\u00f2 farsi carico di se stesso. La scuola \u00e8 una necessit\u00e0 che non \u00e8 pi\u00f9 possibile rimandare&#8230; Purtroppo noi da soli non possiamo provvedere a questa necessit\u00e0, possiamo per\u00f2 mobilitare la gente dei villaggi a partecipare: con la terra farebbero i mattoni, sarebbero pronti a costruire la struttura, a collaborare\u2026.&#8221;. Con queste parole di Don Firmino terminava l&#8217;intervista che Maria Pia Lenato, vice presidente dell&#8217;Ass. Umanit\u00e0 Solidale Glocal, ha realizzato nell&#8217;agosto 2007 per &#8216;Il Paese&#8217;.<\/p>\n<p style=\"text-align: justify;\"><img loading=\"lazy\" decoding=\"async\" class=\" alignright size-full wp-image-10346\" src=\"https:\/\/archivioturi.lavocedelpaese.info\/wp-content\/uploads\/2012\/11\/Bambari-turi-2.jpg\" width=\"300\" height=\"225\" alt=\"Bambari-turi-2\" style=\"margin: 8px 0px 8px 8px; float: right;\" \/>Da quale momento il progetto &#8220;Turi per una scuola a Bambar\u00ec&#8221; avviato dall&#8217;associazione turese ha preso sempre pi\u00f9 piede e nel corso di questi ultimi anni, accompagnati dai parroci Don Firmino, prima e Don Felicien, poi, sta cercando di concretizzare. Ma la difficolt\u00e0 di comunicare con questa terra, l&#8217;ostacolo dato dalla cultura e dalla politica locale creano un impedimento per la prosecuzione dei lavori.<\/p>\n<p style=\"text-align: justify;\">In occasione del Sinodo mondiale dei vescovi, Sua Eccellenza Edouard Mathos, Vescovo di Bambar\u00ec e Presidente della Conferenza Episcopale Centrafricana ha ricevuto nella giornata di sabato 27 il presidente dell&#8217;Associazione U.S.G., Antonio Coletta per comprendere le fasi successive del progetto della scuola a Bambar\u00ec.<\/p>\n<p style=\"text-align: justify;\">Al suo ritorno da Roma, lo abbiamo incontrato per chiedergli un resoconto del colloquio. &#8220;Preciso che quello di cui stiamo parlando non \u00e8 un progetto finalizzato alla costruzione di una scuola elementare o media, bens\u00ec per i ragazzi dell&#8217;et\u00e0 da liceo&#8221;, affinch\u00e8 imparino un mestiere, una professione, acquisiscano nozioni tecniche e pratiche, in modo da poter essere poi utili per la loro comunit\u00e0 e non cadere nelle mani di chi d\u00e0 loro un&#8217;arma per imparare a sopravvivere.<\/p>\n<p style=\"text-align: justify;\">&#8220;In mancanza di una struttura fisica e docente, ci siamo attivati inviando la prima tranche che la nostra Associazione, grazie alla volont\u00e0 dei turesi, ha raccolto e con questi hanno potuto recuperare due aule di una struttura in precedenza sequestrata alla Diocesi di Bambar\u00ec, accanto alla stessa Cattedrale e in seguito restituita ma in cattive condizioni&#8221;. Qui sono gi\u00e0 avviate le attivit\u00e0 didattiche ma il lavoro ha rallentato e non \u00e8 stato possibile inviare altri aiuti.<\/p>\n<p style=\"text-align: justify;\">L&#8217;ostacolo pi\u00f9 grande \u00e8 stato quello della comunicazione poich\u00e9 il nuovo regime politico della Repubblica Centrafricana ha tagliato le linee internet e ha reso difficoltoso, anche per lo stesso Don Felicien, avere contatto con la Diocesi e comprendere come la stessa &#8220;intendeva proseguire i lavori con la seconda tranche dei soldi che avremmo loro inviato&#8221;.<\/p>\n<p style=\"text-align: justify;\">L&#8217;occasione del Sinodo romano \u00e8 stata perci\u00f2 favorevole alle necessit\u00e0 dell&#8217;Associazione turese che, tramite il suo presidente ha stretto un contatto pi\u00f9 istituzionale con il luogo, dove comunque si \u00e8 formato un gruppo locale di U.S.G. di genitori degli alunni e che sono &#8220;un occhio e un braccio sempre vigile e costante della nostra associazione sul territorio e sul nostro progetto&#8221;.<\/p>\n<p style=\"text-align: justify;\">&#8220;Dall&#8217;edificio restituito alla Diocesi &#8211; attraverso le parole istituzionali del Vescovo &#8211; abbiamo avuto certezza che \u00e8 stata recuperata e attivata una terza aula e questo ci ha tranquillizzati nell&#8217;inviare la seconda parte di aiuti alla loro comunit\u00e0&#8221;. Sua Eccellenza Edouard Mathos gi\u00e0 a conoscenza del progetto e delle fasi dei lavori, sar\u00e0 il canale ufficiale di comunicazione tra la Diocesi di Bambar\u00ec e l&#8217;Associazione turese, fino a nomina di un referente per gli affari scolastici della Diocesi.<\/p>\n<p style=\"text-align: justify;\">&#8220;Come associazione &#8211; conclude infine il presidente Coletta &#8211; dobbiamo ringraziare Angelo Palmisano e la moglie l&#8217;arch. Angela Rossi che ci stanno dando una mano nel gestire tale progetto e che ci hanno comunicato l&#8217;intenzione di andare a Bambar\u00ec&#8221;.<\/p>\n<p style=\"text-align: justify;\">Il lavoro dell&#8217;Associazione Umanit\u00e0 Solidale Glocal quindi prosegue e si alimenta della volont\u00e0 di chi ha voglia dedicare qualche minuto della propria giornata all&#8217;integrazione e alla conoscenza di culture lontane dalle nostre e di chi pu\u00f2 contribuire al completamento di questo importante progetto per la comunit\u00e0 di Bambar\u00ec.&nbsp;<\/p>\n","protected":false},"excerpt":{"rendered":"<p>&nbsp;<img loading=\"lazy\" decoding=\"async\" class=\" size-full wp-image-10345\" src=\"https:\/\/archivioturi.lavocedelpaese.info\/wp-content\/uploads\/2012\/11\/Bambari-Turi-1.jpg\" width=\"320\" height=\"150\" alt=\"Bambari-Turi-1\" style=\"margin: 0px 3px;\" srcset=\"https:\/\/archivioturi.lavocedelpaese.info\/wp-content\/uploads\/2012\/11\/Bambari-Turi-1.jpg 320w, https:\/\/archivioturi.lavocedelpaese.info\/wp-content\/uploads\/2012\/11\/Bambari-Turi-1-300x141.jpg 300w\" sizes=\"auto, (max-width: 320px) 100vw, 320px\" \/><\/p>\n<p>&nbsp;<\/p>\n","protected":false},"author":1,"featured_media":10345,"comment_status":"open","ping_status":"closed","sticky":false,"template":"","format":"standard","meta":{"colormag_page_container_layout":"default_layout","colormag_page_sidebar_layout":"default_layout","footnotes":""},"categories":[7],"tags":[],"class_list":["post-10347","post","type-post","status-publish","format-standard","has-post-thumbnail","hentry","category-attualita"],"_links":{"self":[{"href":"https:\/\/archivioturi.lavocedelpaese.info\/index.php\/wp-json\/wp\/v2\/posts\/10347","targetHints":{"allow":["GET"]}}],"collection":[{"href":"https:\/\/archivioturi.lavocedelpaese.info\/index.php\/wp-json\/wp\/v2\/posts"}],"about":[{"href":"https:\/\/archivioturi.lavocedelpaese.info\/index.php\/wp-json\/wp\/v2\/types\/post"}],"author":[{"embeddable":true,"href":"https:\/\/archivioturi.lavocedelpaese.info\/index.php\/wp-json\/wp\/v2\/users\/1"}],"replies":[{"embeddable":true,"href":"https:\/\/archivioturi.lavocedelpaese.info\/index.php\/wp-json\/wp\/v2\/comments?post=10347"}],"version-history":[{"count":0,"href":"https:\/\/archivioturi.lavocedelpaese.info\/index.php\/wp-json\/wp\/v2\/posts\/10347\/revisions"}],"wp:featuredmedia":[{"embeddable":true,"href":"https:\/\/archivioturi.lavocedelpaese.info\/index.php\/wp-json\/wp\/v2\/media\/10345"}],"wp:attachment":[{"href":"https:\/\/archivioturi.lavocedelpaese.info\/index.php\/wp-json\/wp\/v2\/media?parent=10347"}],"wp:term":[{"taxonomy":"category","embeddable":true,"href":"https:\/\/archivioturi.lavocedelpaese.info\/index.php\/wp-json\/wp\/v2\/categories?post=10347"},{"taxonomy":"post_tag","embeddable":true,"href":"https:\/\/archivioturi.lavocedelpaese.info\/index.php\/wp-json\/wp\/v2\/tags?post=10347"}],"curies":[{"name":"wp","href":"https:\/\/api.w.org\/{rel}","templated":true}]}}