{"id":10340,"date":"2012-10-29T15:08:02","date_gmt":"2012-10-29T15:08:02","guid":{"rendered":"https:\/\/archivioturi.lavocedelpaese.info\/index.php\/2012\/10\/29\/e-se-litalia-non-avesse-il-mezzogiorno\/"},"modified":"2012-10-29T15:08:02","modified_gmt":"2012-10-29T15:08:02","slug":"e-se-litalia-non-avesse-il-mezzogiorno","status":"publish","type":"post","link":"https:\/\/archivioturi.lavocedelpaese.info\/index.php\/2012\/10\/29\/e-se-litalia-non-avesse-il-mezzogiorno\/","title":{"rendered":"E se l\u2019Italia non avesse il Mezzogiorno?"},"content":{"rendered":"<p style=\"text-align: justify;\"><img loading=\"lazy\" decoding=\"async\" class=\" size-full wp-image-10339\" src=\"https:\/\/archivioturi.lavocedelpaese.info\/wp-content\/uploads\/2012\/10\/lino-patruno.JPG\" width=\"320\" height=\"150\" alt=\"lino patruno\" style=\"margin: 0px 3px;\" srcset=\"https:\/\/archivioturi.lavocedelpaese.info\/wp-content\/uploads\/2012\/10\/lino-patruno.JPG 640w, https:\/\/archivioturi.lavocedelpaese.info\/wp-content\/uploads\/2012\/10\/lino-patruno-300x141.jpg 300w\" sizes=\"auto, (max-width: 320px) 100vw, 320px\" \/><\/p>\n<p style=\"text-align: justify;\">Non un inno al Mezzogiorno, non un racconto semplicistico di un diario di viaggio nella terra dei Borboni, ma una presa di coscienza affinch\u00e8 si possa ricominciare dal Sud. \u00c8 proprio da questo, come in uno slogan, \u201cRicomincio da Sud\u201d che parte Lino Patruno, gi\u00e0 autore del \u201cFuoco del Sud\u201d, presente nella serata di gioved\u00ec 25 ottobre, presso il Centro Studi di Storia e Cultura di Turi con il suo ultimo lavoro letterario.<\/p>\n<p style=\"text-align: justify;\">Con la sua verve e la grande passione, propria di chi vuole combattere e superare il pregiudizio comune a discapito dei meridionali, Patruno intesse un dibattito ed un confronto con il pubblico presente dimostrando come l\u2019Italia senza il Mezzogiorno sarebbe \u201cmutilata\u201d.<\/p>\n<p style=\"text-align: justify;\">Ad accompagnare l\u2019ex direttore della Gazzetta del Mezzogiorno nello smontare quel \u201cGrande Inganno\u201d reminiscenza medioevale che mai \u00e8 riuscito a spezzarsi, il presidente del Centro Studi, prof. Domenico Resta, che ha accompagnato l\u2019autore nel farci comprendere e riflettere sulla necessit\u00e0 per noi meridionali di \u201calzare le maniche\u201d come sappiamo fare e dimostrare quello che valiamo.<\/p>\n<p style=\"text-align: justify;\">Perch\u00e9 \u00e8 fondamentale alimentare ed educare il meridionale ad avere coscienza di s\u00e9 e delle potenzialit\u00e0 della sua terra, senza necessit\u00e0 di andare fuori, al nord, all\u2019estero, per dimostrare quanto si pu\u00f2 valere. \u201cIl problema \u00e8 che i meridionali, nella loro terra, non riescono ad esprimersi al meglio, si sentono scoraggiati\u201d e preferiscono la via pi\u00f9 \u2018semplice\u2019 allontanandosi, andando altrove, dove piuttosto hanno maggiori possibilit\u00e0 e riescono cos\u00ec a primeggiare\u201d. Perch\u00e9 formare giovani menti e ingegni e poi mandarli al nord dove sviluppare e produrre? Perch\u00e9 continuare a pensare che il nord offre di pi\u00f9 rispetto al sud? Perch\u00e9 creare spin-off o start-up in regioni settentrionali abbandonando il nostro meraviglioso sud?<\/p>\n<p style=\"text-align: justify;\">Piuttosto sarebbe opportuno dare forza al proprio senso di appartenenza per dimostrare come in realt\u00e0 l\u2019Italia senza il Mezzogiorno perderebbe gran parte delle sue professionalit\u00e0 e specificit\u00e0. Dall\u2019acciaio al petrolio, dall\u2019elettronica alla meccanica, dalla sartoria alla gastronomia, toccando anche il turismo, ogni punto di forza della nostra Italia deve ringraziare il lavoro silenzioso e taciuto del suo Mezzogiorno.<\/p>\n<p style=\"text-align: justify;\">\u201cHo recensito solo 71 tesori del Sud, ma potevo descriverne tanti altri. Questi sono solo un esempio della grandezza e della forza di un territorio che sin dall\u2019Unit\u00e0 d\u2019Italia, che tanto ha fatto bene al paese, ha comunque preso piede, creando un divario\u201d che a volte il nostro stesso vittimismo ci porta a non contrastare. A questo le politiche nazionali hanno dato man forte attuando \u201coltre 29 Sacchi nei confronti del Sud\u201d per far emergere la cultura, la societ\u00e0, la produttivit\u00e0, l\u2019economia del nord, dimenticando che importanti realt\u00e0 produttive sono relegate in questo solitario e arduo Sud.&nbsp;<\/p>\n","protected":false},"excerpt":{"rendered":"<p style=\"text-align: justify;\"><img loading=\"lazy\" decoding=\"async\" class=\" size-full wp-image-10339\" src=\"https:\/\/archivioturi.lavocedelpaese.info\/wp-content\/uploads\/2012\/10\/lino-patruno.JPG\" width=\"320\" height=\"150\" alt=\"lino patruno\" style=\"margin: 0px 3px;\" srcset=\"https:\/\/archivioturi.lavocedelpaese.info\/wp-content\/uploads\/2012\/10\/lino-patruno.JPG 640w, https:\/\/archivioturi.lavocedelpaese.info\/wp-content\/uploads\/2012\/10\/lino-patruno-300x141.jpg 300w\" sizes=\"auto, (max-width: 320px) 100vw, 320px\" \/><\/p>\n","protected":false},"author":1,"featured_media":10339,"comment_status":"open","ping_status":"closed","sticky":false,"template":"","format":"standard","meta":{"colormag_page_container_layout":"default_layout","colormag_page_sidebar_layout":"default_layout","footnotes":""},"categories":[6],"tags":[],"class_list":["post-10340","post","type-post","status-publish","format-standard","has-post-thumbnail","hentry","category-cultura"],"_links":{"self":[{"href":"https:\/\/archivioturi.lavocedelpaese.info\/index.php\/wp-json\/wp\/v2\/posts\/10340","targetHints":{"allow":["GET"]}}],"collection":[{"href":"https:\/\/archivioturi.lavocedelpaese.info\/index.php\/wp-json\/wp\/v2\/posts"}],"about":[{"href":"https:\/\/archivioturi.lavocedelpaese.info\/index.php\/wp-json\/wp\/v2\/types\/post"}],"author":[{"embeddable":true,"href":"https:\/\/archivioturi.lavocedelpaese.info\/index.php\/wp-json\/wp\/v2\/users\/1"}],"replies":[{"embeddable":true,"href":"https:\/\/archivioturi.lavocedelpaese.info\/index.php\/wp-json\/wp\/v2\/comments?post=10340"}],"version-history":[{"count":0,"href":"https:\/\/archivioturi.lavocedelpaese.info\/index.php\/wp-json\/wp\/v2\/posts\/10340\/revisions"}],"wp:featuredmedia":[{"embeddable":true,"href":"https:\/\/archivioturi.lavocedelpaese.info\/index.php\/wp-json\/wp\/v2\/media\/10339"}],"wp:attachment":[{"href":"https:\/\/archivioturi.lavocedelpaese.info\/index.php\/wp-json\/wp\/v2\/media?parent=10340"}],"wp:term":[{"taxonomy":"category","embeddable":true,"href":"https:\/\/archivioturi.lavocedelpaese.info\/index.php\/wp-json\/wp\/v2\/categories?post=10340"},{"taxonomy":"post_tag","embeddable":true,"href":"https:\/\/archivioturi.lavocedelpaese.info\/index.php\/wp-json\/wp\/v2\/tags?post=10340"}],"curies":[{"name":"wp","href":"https:\/\/api.w.org\/{rel}","templated":true}]}}