{"id":10329,"date":"2012-10-30T10:54:14","date_gmt":"2012-10-30T10:54:14","guid":{"rendered":"https:\/\/archivioturi.lavocedelpaese.info\/index.php\/2012\/10\/30\/qturi-non-puo-rimanere-senza-uno-strumento-urbanisticoq\/"},"modified":"2012-10-30T10:54:14","modified_gmt":"2012-10-30T10:54:14","slug":"qturi-non-puo-rimanere-senza-uno-strumento-urbanisticoq","status":"publish","type":"post","link":"https:\/\/archivioturi.lavocedelpaese.info\/index.php\/2012\/10\/30\/qturi-non-puo-rimanere-senza-uno-strumento-urbanisticoq\/","title":{"rendered":"&#8220;Turi non pu\u00f2 rimanere senza uno strumento urbanistico&#8221;"},"content":{"rendered":"<p style=\"text-align: justify;\"><img loading=\"lazy\" decoding=\"async\" class=\" size-full wp-image-10245\" src=\"https:\/\/archivioturi.lavocedelpaese.info\/wp-content\/uploads\/2012\/10\/sel-logo.JPG\" width=\"320\" height=\"150\" alt=\"sel logo\" style=\"margin: 0px 3px;\" \/><\/p>\n<p style=\"text-align: justify;\"><strong>Partiamo dal principio, alla luce di quanto risposto dalla regione, come valuta in generale le osservazioni mosse dalla regione sul PUG?<\/strong><strong><\/strong><\/p>\n<p style=\"text-align: justify;\">Le carenze e le incongruenze del PUG rilevate dalla Regione sono tantissime ed alcune molto gravi: dalla mancata osservanza della normativa di base, agli innumerevoli errori di vario genere commessi nella stesura del Piano (ad es. valutazione dell&#8217;indice di affollamento e consequenziale calcolo dei vani), alla mancata produzione di documentazione a corredo ecc. Una spiegazione a come ci\u00f2 sia potuto accadere, pu\u00f2 certamente ravvisarsi nella circostanza che probabilmente non vi \u00e8 stato un adeguato confronto tra Comune\/Ufficio Tecnico\u2013 Regione\u2013Progettista nella fase di elaborazione del Piano, in spregio al principio di co-pianificazione.<\/p>\n<p style=\"text-align: justify;\">Quel che preme maggiormente rilevare \u00e8 che l&#8217;ente ha disapprovato l&#8217;indirizzo politico e le scelte strategiche sottese al PUG: la Regione ha, infatti, evidenziato come sia stato del tutto disatteso il fulcro dell&#8217;azione di governo del territorio che dovrebbe essere quello di <strong>privilegiare azioni di recupero e riqualificazione del patrimonio edilizio esistente<\/strong> <strong>rispetto<\/strong> ad azioni mirate <strong>ad una ulteriore espansione urbanistica<\/strong>. Complessivamente possiamo affermare che la vera intenzione di questo PUG consisteva nel promuovere un&#8217;ulteriore espansione edilizia a discapito del territorio. Tuttavia, Turi non pu\u00f2 certamente permettersi di rimanere ancora senza uno strumento urbanistico, assenza che ha causato negli anni sia una cementificazione senza regole oltre che uno sviluppo urbano non sostenibile e con risvolti sociali ed economici non positivi.<\/p>\n<p style=\"text-align: justify;\"><strong>Entriamo nello specifico, parliamo di zone B e della famigerata zona M. Cosa andrebbe fatto?<\/strong><\/p>\n<p style=\"text-align: justify;\">Per quanto concerne la zona B, la Regione ha espresso un giudizio severo circa la&nbsp; riproposizione nel PUG di tutta la zona B, come prevista dal PDF, incluse le cosi dette \u201caree libere\u201d. Sarebbe stato pi\u00f9 opportuno, verificare in concreto quali siano i lotti effettivamente disponibili e adottare misure differenti in relazione alla loro superficie, in modo da <strong>evitare speculazioni edilizie senza penalizzare i proprietari dei piccoli suoli che intendono edificare o ampliare la propria abitazione<\/strong>.<\/p>\n<p style=\"text-align: justify;\">Per quanto riguarda, invece, le zone M, riteniamo a priori discutibile la scelta di individuare nello stesso comparto zone produttive e zone residenziali, anche perch\u00e9, come ha sottolineato la Regione, il settore residenziale risulta gi\u00e0 ampiamente articolato nel PUG e quello produttivo nella zona PIP. Piuttosto, per un paese come il nostro a vocazione agricola che auspica la&nbsp; valorizzazione delle proprie eccellenze, <strong>sarebbe stato senz&#8217;altro pi\u00f9 opportuno prevedere una zona agricola produttiva<\/strong>, la cui individuazione \u00e8 stata inspiegabilmente omessa nel PUG.<\/p>\n<p style=\"text-align: justify;\"><strong>Parliamo delle previsioni programmatiche, il punto pi\u00f9 politico del PUG, cosa fareste per migliorarlo?<\/strong><\/p>\n<p style=\"text-align: justify;\">Il PUG ha la funzione principale di <strong>regolamentare la pianificazione urbanistica<\/strong>. Nel PUG di Turi, invece, rispecchiando quel che da sempre \u00e8 avvenuto nel nostro paese, \u00e8 stato privilegiato l&#8217;aspetto edilizio. Il Piano nella sua parte programmatica dovrebbe considerare maggiormente aspetti&nbsp; fondamentali, in un&#8217;ottica di sviluppo e migliore vivibilit\u00e0 del paese, quali: evitare il consumo ingiustificato di ulteriore suolo privilegiando il recupero e la riqualificazione del patrimonio edilizio esistente, prevedere idonee misure a tutela del paesaggio e dell&#8217;ambiente, preservare e valorizzare la vocazione agricola del territorio, sviluppare la mobilit\u00e0 sostenibile, favorire la rigenerazione ambientale degli insediamenti urbani e l\u2019abbattimento delle barriere architettoniche.<\/p>\n<p style=\"text-align: justify;\"><strong>Se in conferenza di servizio con la regione, venissero accettate tutte le segnalazioni mosse dall&#8217;ente barese, voi sareste disposti a votarlo?<\/strong><\/p>\n<p style=\"text-align: justify;\">Come gi\u00e0 asserito, noi siamo favorevoli affinch\u00e9 nel nostro paese venga adottato un PUG: Turi e Gravina di Puglia, sono gli unici, tra i 41 comuni della provincia di Bari, ad essere sprovvisti di uno strumento urbanistico che vada oltre il vecchio PdF. Ovviamente, prima di tutto il PUG dovrebbe essere conformato alla normativa vigente, cos\u00ec come prescritto dalla Regione. Il Piano per\u00f2 dovrebbe anche, assorbendo le ulteriori indicazioni suggerite dell&#8217;Ente, riformare l&#8217;attuale spirito che, a nostro avviso, oggi rispecchia ancora il modo di vedere e di operare degli ultimi due decenni.<\/p>\n","protected":false},"excerpt":{"rendered":"<p style=\"text-align: justify;\"><img loading=\"lazy\" decoding=\"async\" class=\" size-full wp-image-10245\" src=\"https:\/\/archivioturi.lavocedelpaese.info\/wp-content\/uploads\/2012\/10\/sel-logo.JPG\" width=\"320\" height=\"150\" alt=\"sel logo\" style=\"margin: 0px 3px;\" \/><\/p>\n","protected":false},"author":1,"featured_media":10245,"comment_status":"open","ping_status":"closed","sticky":false,"template":"","format":"standard","meta":{"colormag_page_container_layout":"default_layout","colormag_page_sidebar_layout":"default_layout","footnotes":""},"categories":[4],"tags":[],"class_list":["post-10329","post","type-post","status-publish","format-standard","has-post-thumbnail","hentry","category-politica"],"_links":{"self":[{"href":"https:\/\/archivioturi.lavocedelpaese.info\/index.php\/wp-json\/wp\/v2\/posts\/10329","targetHints":{"allow":["GET"]}}],"collection":[{"href":"https:\/\/archivioturi.lavocedelpaese.info\/index.php\/wp-json\/wp\/v2\/posts"}],"about":[{"href":"https:\/\/archivioturi.lavocedelpaese.info\/index.php\/wp-json\/wp\/v2\/types\/post"}],"author":[{"embeddable":true,"href":"https:\/\/archivioturi.lavocedelpaese.info\/index.php\/wp-json\/wp\/v2\/users\/1"}],"replies":[{"embeddable":true,"href":"https:\/\/archivioturi.lavocedelpaese.info\/index.php\/wp-json\/wp\/v2\/comments?post=10329"}],"version-history":[{"count":0,"href":"https:\/\/archivioturi.lavocedelpaese.info\/index.php\/wp-json\/wp\/v2\/posts\/10329\/revisions"}],"wp:featuredmedia":[{"embeddable":true,"href":"https:\/\/archivioturi.lavocedelpaese.info\/index.php\/wp-json\/wp\/v2\/media\/10245"}],"wp:attachment":[{"href":"https:\/\/archivioturi.lavocedelpaese.info\/index.php\/wp-json\/wp\/v2\/media?parent=10329"}],"wp:term":[{"taxonomy":"category","embeddable":true,"href":"https:\/\/archivioturi.lavocedelpaese.info\/index.php\/wp-json\/wp\/v2\/categories?post=10329"},{"taxonomy":"post_tag","embeddable":true,"href":"https:\/\/archivioturi.lavocedelpaese.info\/index.php\/wp-json\/wp\/v2\/tags?post=10329"}],"curies":[{"name":"wp","href":"https:\/\/api.w.org\/{rel}","templated":true}]}}