{"id":10263,"date":"2012-10-22T07:03:15","date_gmt":"2012-10-22T07:03:15","guid":{"rendered":"https:\/\/archivioturi.lavocedelpaese.info\/index.php\/2012\/10\/22\/coppo-dopo-il-sequestro-della-discarica-allarme-rientrato\/"},"modified":"2012-10-22T07:03:15","modified_gmt":"2012-10-22T07:03:15","slug":"coppo-dopo-il-sequestro-della-discarica-allarme-rientrato","status":"publish","type":"post","link":"https:\/\/archivioturi.lavocedelpaese.info\/index.php\/2012\/10\/22\/coppo-dopo-il-sequestro-della-discarica-allarme-rientrato\/","title":{"rendered":"Coppi: dopo il sequestro della discarica, allarme rientrato"},"content":{"rendered":"<p style=\"text-align: justify;\"><img loading=\"lazy\" decoding=\"async\" class=\" size-full wp-image-10149\" src=\"https:\/\/archivioturi.lavocedelpaese.info\/wp-content\/uploads\/2012\/10\/municipio.JPG\" width=\"320\" height=\"150\" alt=\"municipio\" style=\"margin: 0px 3px;\" srcset=\"https:\/\/archivioturi.lavocedelpaese.info\/wp-content\/uploads\/2012\/10\/municipio.JPG 640w, https:\/\/archivioturi.lavocedelpaese.info\/wp-content\/uploads\/2012\/10\/municipio-300x141.jpg 300w\" sizes=\"auto, (max-width: 320px) 100vw, 320px\" \/><\/p>\n<p style=\"text-align: justify;\">&#8220;Dopo il sequestro che ha interessato la discarica di Conversano sita in contrada Martucci della ditta Lombardi Ecologia, -commenta l&#8217;assessore all&#8217;ecologia Maurizio Coppi &#8211; &nbsp;tutti i paesi che conferivano i Rifiuti Solidi Urbani,tra cui Turi, si sono trovati in grave difficolt\u00e0 in quanto non pi\u00f9 utilizzabile a causa problematiche al vaglio della magistratura. &#8220;<br \/>&#8220;Preso atto di questa situazione disastrosa per la salute, igiene e la pubblica sicurezza &#8211; prosegue Coppi- attraverso un&#8217;ordinanza sindacale, abbiamo invitato i cittadini a sospendere temporaneamente il conferimento dei rifiuti presso i cassonetti, in attesa di nuove disposizioni. &#8220;<br \/>&#8220;Quest&#8217;oggi (18 Ottobre) -conclude l&#8217;assessore delegato all&#8217;ecologia- \u00e9 giunta una buona notizia: l&#8217;allarme sta rientrando, infatti, \u00e9 pervenuta un&#8217;ordinanza da parte del Progetto Gestione Bacino Bari Cinque S.r.l., in cui ci viene comunicato che a partire dal 19 ottobre, sar\u00e0 nuovamente possibile conferire alla discarica di Conversano, dalle 6.00 alle 13.00 &nbsp;un massimo di 500 t\/d. &nbsp;Tale ordinanza \u00e9 valida anche per sabato 20e domenica 21 ottobre&nbsp;e si prevede di tornare alla normalit\u00e0 a partire da luned\u00ec 22 ottobre.&#8221;<\/p>\n","protected":false},"excerpt":{"rendered":"<p style=\"text-align: justify;\"><img loading=\"lazy\" decoding=\"async\" class=\" size-full wp-image-10149\" src=\"https:\/\/archivioturi.lavocedelpaese.info\/wp-content\/uploads\/2012\/10\/municipio.JPG\" width=\"320\" height=\"150\" alt=\"municipio\" style=\"margin: 0px 3px;\" srcset=\"https:\/\/archivioturi.lavocedelpaese.info\/wp-content\/uploads\/2012\/10\/municipio.JPG 640w, https:\/\/archivioturi.lavocedelpaese.info\/wp-content\/uploads\/2012\/10\/municipio-300x141.jpg 300w\" sizes=\"auto, (max-width: 320px) 100vw, 320px\" \/><\/p>\n","protected":false},"author":1,"featured_media":10149,"comment_status":"open","ping_status":"closed","sticky":false,"template":"","format":"standard","meta":{"colormag_page_container_layout":"default_layout","colormag_page_sidebar_layout":"default_layout","footnotes":""},"categories":[4],"tags":[],"class_list":["post-10263","post","type-post","status-publish","format-standard","has-post-thumbnail","hentry","category-politica"],"_links":{"self":[{"href":"https:\/\/archivioturi.lavocedelpaese.info\/index.php\/wp-json\/wp\/v2\/posts\/10263","targetHints":{"allow":["GET"]}}],"collection":[{"href":"https:\/\/archivioturi.lavocedelpaese.info\/index.php\/wp-json\/wp\/v2\/posts"}],"about":[{"href":"https:\/\/archivioturi.lavocedelpaese.info\/index.php\/wp-json\/wp\/v2\/types\/post"}],"author":[{"embeddable":true,"href":"https:\/\/archivioturi.lavocedelpaese.info\/index.php\/wp-json\/wp\/v2\/users\/1"}],"replies":[{"embeddable":true,"href":"https:\/\/archivioturi.lavocedelpaese.info\/index.php\/wp-json\/wp\/v2\/comments?post=10263"}],"version-history":[{"count":0,"href":"https:\/\/archivioturi.lavocedelpaese.info\/index.php\/wp-json\/wp\/v2\/posts\/10263\/revisions"}],"wp:featuredmedia":[{"embeddable":true,"href":"https:\/\/archivioturi.lavocedelpaese.info\/index.php\/wp-json\/wp\/v2\/media\/10149"}],"wp:attachment":[{"href":"https:\/\/archivioturi.lavocedelpaese.info\/index.php\/wp-json\/wp\/v2\/media?parent=10263"}],"wp:term":[{"taxonomy":"category","embeddable":true,"href":"https:\/\/archivioturi.lavocedelpaese.info\/index.php\/wp-json\/wp\/v2\/categories?post=10263"},{"taxonomy":"post_tag","embeddable":true,"href":"https:\/\/archivioturi.lavocedelpaese.info\/index.php\/wp-json\/wp\/v2\/tags?post=10263"}],"curies":[{"name":"wp","href":"https:\/\/api.w.org\/{rel}","templated":true}]}}