{"id":10254,"date":"2012-10-19T10:03:33","date_gmt":"2012-10-19T10:03:33","guid":{"rendered":"https:\/\/archivioturi.lavocedelpaese.info\/index.php\/2012\/10\/19\/il-nulla-piu-assoluto-commedia-teatrale-del-consiglio-comunale\/"},"modified":"2012-10-19T10:03:33","modified_gmt":"2012-10-19T10:03:33","slug":"il-nulla-piu-assoluto-commedia-teatrale-del-consiglio-comunale","status":"publish","type":"post","link":"https:\/\/archivioturi.lavocedelpaese.info\/index.php\/2012\/10\/19\/il-nulla-piu-assoluto-commedia-teatrale-del-consiglio-comunale\/","title":{"rendered":"Il nulla pi\u00f9 assoluto: commedia teatrale del Consiglio Comunale"},"content":{"rendered":"<p><img loading=\"lazy\" decoding=\"async\" class=\" size-full wp-image-9770\" src=\"https:\/\/archivioturi.lavocedelpaese.info\/wp-content\/uploads\/2012\/07\/Consiglio-comunale-turi.jpg\" width=\"320\" height=\"150\" alt=\"Consiglio-comunale-turi\" style=\"margin: 0px 3px;\" srcset=\"https:\/\/archivioturi.lavocedelpaese.info\/wp-content\/uploads\/2012\/07\/Consiglio-comunale-turi.jpg 320w, https:\/\/archivioturi.lavocedelpaese.info\/wp-content\/uploads\/2012\/07\/Consiglio-comunale-turi-300x141.jpg 300w\" sizes=\"auto, (max-width: 320px) 100vw, 320px\" \/><\/p>\n<p style=\"text-align: justify;\">Ieri sera si \u00e8 tenuto un Consiglio Comunale monotematico. In scena l\u2019area Metropolitana, cio\u00e8 il nulla. Infatti, come ha ben argomentato il Sindaco Resta, nessun politico vuole assumersi la responsabilit\u00e0 di decidere. Dalla Regione all\u2019Anci, vengono rimandate ed evitate le decisioni sul tema \u201ce secondo me \u2013 afferma il Sindaco \u2013 questa decisione non avverr\u00e0 mai\u201d.<\/p>\n<p style=\"text-align: justify;\">E cos\u00ec lo stesso Sindaco sembra domandarsi per quale ragione si \u00e8 in Consiglio. Per decidere qualcosa che non si pu\u00f2 decidere?<\/p>\n<p style=\"text-align: justify;\">Anche Antonio Tateo, esprimendo alcuni dubbi sull\u2019idea stessa di Area Metropolitana, conferma la tesi del Sindaco. Tateo prova a dare il meglio di s\u00e8 ma a vincere il Premio Oscar per la categoria degli attori non protagonisti sono stati gli assessori che hanno saputo interpretare <em>il nulla pi\u00f9 assoluto<\/em> come meglio non si sarebbe potuto fare. Inesistenti.<\/p>\n<p style=\"text-align: justify;\">Dopo l\u2019intervento del Sindaco ha preso la parola Franco Mercieri: \u201cFinalmente in questo consiglio si inizia a discutere di argomenti concreti\u201d. Purtroppo di tangibile c\u2019\u00e8 solo<em> l&#8217;aria<\/em>\u2026 metropolitana!<\/p>\n<p style=\"text-align: justify;\">Dopo la comparsa di Mercieri, \u00e8 salita sul palco Domenica Lenato che ha scosso il cuore degli spettatori. Con maestria poetica ha letto un lungo saggio preconfezionato non proprio attinente alla consecutio del Consiglio, ma, bisogna dirlo, \u00e8 stato un racconto davvero ben letto\u2026 sembrava proprio di ascoltare uno di quei comizi appassionati di Menico Coladonato. Le pause, il tono, l\u2019ironia, lo stile: sembrava proprio lui, Menico\u2026 ma era Domenica.<\/p>\n<p style=\"text-align: justify;\">E cos\u00ec, mentre ancora ci si chiedeva chi avesse parlato e nel mentre Cazzetta e Carenza recitavano la loro parte sfogliando con attenzione il Corriere della Sera, ha preso la parola Nico Catalano, il quale, ha iniziato, anche lui, a leggere una lettera, tra l\u2019altro, gi\u00e0 inviata e indirizzata al Sindaco da giorni.<\/p>\n<p style=\"text-align: justify;\">A questo punto il nostro cuore e la nostra mente era cos\u00ec talmente piena del nulla cosmico messo in scena dai nostri Consiglieri che abbiamo deciso di abbandonare il teatro comunale.<\/p>\n<p style=\"text-align: justify;\">\u201cSe vanno via i giornalisti \u2013 dichiara uno spettatore \u2013 il Consiglio \u00e8 proprio finito, possiamo andar via\u2026\u201d<\/p>\n<p style=\"text-align: justify;\">&nbsp;<\/p>\n","protected":false},"excerpt":{"rendered":"<p><img loading=\"lazy\" decoding=\"async\" class=\" size-full wp-image-9770\" src=\"https:\/\/archivioturi.lavocedelpaese.info\/wp-content\/uploads\/2012\/07\/Consiglio-comunale-turi.jpg\" width=\"320\" height=\"150\" alt=\"Consiglio-comunale-turi\" style=\"margin: 0px 3px;\" srcset=\"https:\/\/archivioturi.lavocedelpaese.info\/wp-content\/uploads\/2012\/07\/Consiglio-comunale-turi.jpg 320w, https:\/\/archivioturi.lavocedelpaese.info\/wp-content\/uploads\/2012\/07\/Consiglio-comunale-turi-300x141.jpg 300w\" sizes=\"auto, (max-width: 320px) 100vw, 320px\" \/><\/p>\n","protected":false},"author":1,"featured_media":9770,"comment_status":"open","ping_status":"closed","sticky":false,"template":"","format":"standard","meta":{"colormag_page_container_layout":"default_layout","colormag_page_sidebar_layout":"default_layout","footnotes":""},"categories":[4],"tags":[],"class_list":["post-10254","post","type-post","status-publish","format-standard","has-post-thumbnail","hentry","category-politica"],"_links":{"self":[{"href":"https:\/\/archivioturi.lavocedelpaese.info\/index.php\/wp-json\/wp\/v2\/posts\/10254","targetHints":{"allow":["GET"]}}],"collection":[{"href":"https:\/\/archivioturi.lavocedelpaese.info\/index.php\/wp-json\/wp\/v2\/posts"}],"about":[{"href":"https:\/\/archivioturi.lavocedelpaese.info\/index.php\/wp-json\/wp\/v2\/types\/post"}],"author":[{"embeddable":true,"href":"https:\/\/archivioturi.lavocedelpaese.info\/index.php\/wp-json\/wp\/v2\/users\/1"}],"replies":[{"embeddable":true,"href":"https:\/\/archivioturi.lavocedelpaese.info\/index.php\/wp-json\/wp\/v2\/comments?post=10254"}],"version-history":[{"count":0,"href":"https:\/\/archivioturi.lavocedelpaese.info\/index.php\/wp-json\/wp\/v2\/posts\/10254\/revisions"}],"wp:featuredmedia":[{"embeddable":true,"href":"https:\/\/archivioturi.lavocedelpaese.info\/index.php\/wp-json\/wp\/v2\/media\/9770"}],"wp:attachment":[{"href":"https:\/\/archivioturi.lavocedelpaese.info\/index.php\/wp-json\/wp\/v2\/media?parent=10254"}],"wp:term":[{"taxonomy":"category","embeddable":true,"href":"https:\/\/archivioturi.lavocedelpaese.info\/index.php\/wp-json\/wp\/v2\/categories?post=10254"},{"taxonomy":"post_tag","embeddable":true,"href":"https:\/\/archivioturi.lavocedelpaese.info\/index.php\/wp-json\/wp\/v2\/tags?post=10254"}],"curies":[{"name":"wp","href":"https:\/\/api.w.org\/{rel}","templated":true}]}}