{"id":10215,"date":"2012-10-08T08:04:47","date_gmt":"2012-10-08T08:04:47","guid":{"rendered":"https:\/\/archivioturi.lavocedelpaese.info\/index.php\/2012\/10\/08\/presentato-il-2d-torneo-della-solidarieta\/"},"modified":"2012-10-08T08:04:47","modified_gmt":"2012-10-08T08:04:47","slug":"presentato-il-2d-torneo-della-solidarieta","status":"publish","type":"post","link":"https:\/\/archivioturi.lavocedelpaese.info\/index.php\/2012\/10\/08\/presentato-il-2d-torneo-della-solidarieta\/","title":{"rendered":"Presentato il 2\u00b0 Torneo della Solidariet\u00e0"},"content":{"rendered":"<p style=\"text-align: justify;\"><img loading=\"lazy\" decoding=\"async\" class=\" size-full wp-image-10213\" src=\"https:\/\/archivioturi.lavocedelpaese.info\/wp-content\/uploads\/2012\/10\/torneo-solidarieta-1.jpg\" width=\"320\" height=\"151\" alt=\"torneo solidariet\u00e0 1\" style=\"margin: 0px 3px;\" srcset=\"https:\/\/archivioturi.lavocedelpaese.info\/wp-content\/uploads\/2012\/10\/torneo-solidarieta-1.jpg 640w, https:\/\/archivioturi.lavocedelpaese.info\/wp-content\/uploads\/2012\/10\/torneo-solidarieta-1-300x141.jpg 300w\" sizes=\"auto, (max-width: 320px) 100vw, 320px\" \/><\/p>\n<p style=\"text-align: justify;\">Si \u00e8 svolta marted\u00ec scorso la presentazione ufficiale del 2\u00b0 Torneo della Solidariet\u00e0 in programma domenica 14 ottobre presso il Palazzetto dello Sport a Turi. La manifestazione prevede un mini torneo di calcio a 5 tra le rappresentative di Inter Club \u201cG. Facchetti\u201d, Juventus Club \u201cG. Agnelli\u201d, Milan Club \u201cP. Maldini\u201d e rappresentanti di Istituzioni locali. Come sottolineato da Giovanni D\u2019Addabbo, presidente dell\u2019Inter Club (associazione organizzatrice dell\u2019evento), lo scopo del torneo \u00e8 quello di passare un pomeriggio all\u2019insegna dello sport e della solidariet\u00e0. Giunta alla seconda edizione, dopo il successo dell\u2019anno scorso, il torneo benefico vedr\u00e0 la partecipazione dell\u2019Amopuglia Onlus sez. \u201cAnna Dell\u2019Aera\u201d Turi, associazione che si occupa dell\u2019assistenza dei malati oncologici. Tutti i partecipanti potranno assistere alla manifestazione, il cui ingresso \u00e8 gratuito e sar\u00e0 possibile dare un contributo volontario per sostenere l\u2019associazione Amopuglia. Nella stessa giornata, in mattinata alle ore 10, l\u2019associazione Fidas in collaborazione con il gruppo \u201c5e9\u201d mtb Turi organizzano la \u201c2\u00b0 Bicipasseggiata della Solidariet\u00e0\u201d. Il presidente D\u2019Addabbo ha chiuso la breve conferenza stampa ringraziando tutte le associazioni che hanno accettato di partecipare al torneo ed ha dato appuntamento a domenica per una giornata diversa dove la priorit\u00e0 non sar\u00e0 la competizione ma far vincere lo spirito sportivo e la solidariet\u00e0.&nbsp;<\/p>\n<p style=\"text-align: justify;\"><img loading=\"lazy\" decoding=\"async\" class=\" size-full wp-image-10214\" src=\"https:\/\/archivioturi.lavocedelpaese.info\/wp-content\/uploads\/2012\/10\/torneo-solidarieta-2.jpg\" width=\"560\" height=\"800\" alt=\"torneo solidariet\u00e0 2\" style=\"margin: 0px 3px;\" srcset=\"https:\/\/archivioturi.lavocedelpaese.info\/wp-content\/uploads\/2012\/10\/torneo-solidarieta-2.jpg 560w, https:\/\/archivioturi.lavocedelpaese.info\/wp-content\/uploads\/2012\/10\/torneo-solidarieta-2-210x300.jpg 210w\" sizes=\"auto, (max-width: 560px) 100vw, 560px\" \/><\/p>\n","protected":false},"excerpt":{"rendered":"<p style=\"text-align: justify;\"><img loading=\"lazy\" decoding=\"async\" class=\" size-full wp-image-10213\" src=\"https:\/\/archivioturi.lavocedelpaese.info\/wp-content\/uploads\/2012\/10\/torneo-solidarieta-1.jpg\" width=\"320\" height=\"151\" alt=\"torneo solidariet\u00e0 1\" style=\"margin: 0px 3px;\" srcset=\"https:\/\/archivioturi.lavocedelpaese.info\/wp-content\/uploads\/2012\/10\/torneo-solidarieta-1.jpg 640w, https:\/\/archivioturi.lavocedelpaese.info\/wp-content\/uploads\/2012\/10\/torneo-solidarieta-1-300x141.jpg 300w\" sizes=\"auto, (max-width: 320px) 100vw, 320px\" \/><\/p>\n","protected":false},"author":1,"featured_media":10213,"comment_status":"open","ping_status":"closed","sticky":false,"template":"","format":"standard","meta":{"colormag_page_container_layout":"default_layout","colormag_page_sidebar_layout":"default_layout","footnotes":""},"categories":[6],"tags":[],"class_list":["post-10215","post","type-post","status-publish","format-standard","has-post-thumbnail","hentry","category-cultura"],"_links":{"self":[{"href":"https:\/\/archivioturi.lavocedelpaese.info\/index.php\/wp-json\/wp\/v2\/posts\/10215","targetHints":{"allow":["GET"]}}],"collection":[{"href":"https:\/\/archivioturi.lavocedelpaese.info\/index.php\/wp-json\/wp\/v2\/posts"}],"about":[{"href":"https:\/\/archivioturi.lavocedelpaese.info\/index.php\/wp-json\/wp\/v2\/types\/post"}],"author":[{"embeddable":true,"href":"https:\/\/archivioturi.lavocedelpaese.info\/index.php\/wp-json\/wp\/v2\/users\/1"}],"replies":[{"embeddable":true,"href":"https:\/\/archivioturi.lavocedelpaese.info\/index.php\/wp-json\/wp\/v2\/comments?post=10215"}],"version-history":[{"count":0,"href":"https:\/\/archivioturi.lavocedelpaese.info\/index.php\/wp-json\/wp\/v2\/posts\/10215\/revisions"}],"wp:featuredmedia":[{"embeddable":true,"href":"https:\/\/archivioturi.lavocedelpaese.info\/index.php\/wp-json\/wp\/v2\/media\/10213"}],"wp:attachment":[{"href":"https:\/\/archivioturi.lavocedelpaese.info\/index.php\/wp-json\/wp\/v2\/media?parent=10215"}],"wp:term":[{"taxonomy":"category","embeddable":true,"href":"https:\/\/archivioturi.lavocedelpaese.info\/index.php\/wp-json\/wp\/v2\/categories?post=10215"},{"taxonomy":"post_tag","embeddable":true,"href":"https:\/\/archivioturi.lavocedelpaese.info\/index.php\/wp-json\/wp\/v2\/tags?post=10215"}],"curies":[{"name":"wp","href":"https:\/\/api.w.org\/{rel}","templated":true}]}}