{"id":10203,"date":"2012-10-08T07:44:12","date_gmt":"2012-10-08T07:44:12","guid":{"rendered":"https:\/\/archivioturi.lavocedelpaese.info\/index.php\/2012\/10\/08\/le-linee-programmatiche-sono-quelle-di-tutto-il-consiglio\/"},"modified":"2012-10-08T07:44:12","modified_gmt":"2012-10-08T07:44:12","slug":"le-linee-programmatiche-sono-quelle-di-tutto-il-consiglio","status":"publish","type":"post","link":"https:\/\/archivioturi.lavocedelpaese.info\/index.php\/2012\/10\/08\/le-linee-programmatiche-sono-quelle-di-tutto-il-consiglio\/","title":{"rendered":"\u201cLe linee programmatiche sono quelle di tutto il consiglio\u201d"},"content":{"rendered":"<p style=\"text-align: justify;\"><img loading=\"lazy\" decoding=\"async\" class=\" size-full wp-image-10202\" src=\"https:\/\/archivioturi.lavocedelpaese.info\/wp-content\/uploads\/2012\/10\/cc-ott.JPG\" width=\"320\" height=\"150\" alt=\"cc ott\" style=\"margin: 0px 3px;\" srcset=\"https:\/\/archivioturi.lavocedelpaese.info\/wp-content\/uploads\/2012\/10\/cc-ott.JPG 640w, https:\/\/archivioturi.lavocedelpaese.info\/wp-content\/uploads\/2012\/10\/cc-ott-300x141.jpg 300w\" sizes=\"auto, (max-width: 320px) 100vw, 320px\" \/><\/p>\n<p style=\"text-align: justify;\">L\u2019amministrazione Resta alla prima prova del nove del suo mandato, riesce a spuntarla decentemente; soprattutto grazie al confronto con quanto trovato all\u2019insediamento 4 mesi fa.<\/p>\n<p style=\"text-align: justify;\">Il consiglio svoltosi su toni molto pacati si \u00e8 articolato principalmente sulla discussione di tre punti: la presentazione delle linee programmatiche, lo stato di attuazione del programma e il riequilibrio del bilancio.<\/p>\n<p style=\"text-align: justify;\"><strong>COMUNICAZIONI<\/strong> \u2013 La seduta si \u00e8 aperta con le consuete comunicazioni da parte del Sindaco. \u00c8 stato stabilito che il 12 ottobre alle 19 si terr\u00e0 un consiglio monotematico sull\u2019area metropolitana, in cui tutti i consiglieri potranno esprimere le loro considerazioni per poi prendere una decisione comune da trasmettere a Bari. Il vicesindaco Volpicella ha risposto alla lettere inviata da Sel sull\u2019edilizia popolare, chiedendo di aprire un tavolo di concertazione con l\u2019opposizione per trovare soluzioni comuni a questo problema.<\/p>\n<p style=\"text-align: justify;\"><strong>LINEE PROGRAMMATICHE<\/strong> \u2013 Le nove pagine del documento programmatico dell\u2019amministrazione Resta vogliono essere da parte della maggioranza lo strumento per condividere, con le minoranze in consiglio, il pieno di sviluppo del nostro paese.<\/p>\n<p style=\"text-align: justify;\">Linea condivisa sia da Sel che da Impegno per Turi; per quanto riguarda le linee programmatiche,pezzi importanti di esse sono presi dai programmi elettorali della minoranza, e perci\u00f2 Catalano si chiede se queste linee sono le linee programmatiche della maggioranza o dell\u2019intero consiglio. Mentre la consigliera Lenato porge l\u2019attenzione sul fatto che queste linee sono molto generiche e piene di principi, ed \u00e8 facile essere d\u2019accordo su principi generali.<\/p>\n<p style=\"text-align: justify;\">Il Sindaco prende la parola e ringrazia l\u2019opposizione per tutti i suggerimenti utili per migliorare le linee programmatiche. Successivamente, rispondendo alla Lenato e a Mercieri: \u201cIo non capisco quando si parla di genericit\u00e0 del programma, quando abbiamo scelto di prendere spunto anche dai vostri programmi per scrivere queste linee.\u201d<\/p>\n<p style=\"text-align: justify;\">Il delegato al bilancio Tateo intervenendo nella discussione ringrazia per il voto di astensione dell\u2019opposizione e rispondendo a Catalano conferma che queste vogliono essere le linee programmatiche dell\u2019intero consiglio. Tateo inoltre vuole ricordare a tutti che con questo programma l\u2019amministrazione vuole provare a darsi degli obiettivi chiari ed alti, perch\u00e9 chi amministra dovrebbe sempre essere ambizioso.<\/p>\n<p style=\"text-align: justify;\"><strong>ATTUAZIONE PROGRAMMA<\/strong> \u2013 Il sindaco Resta si alza in piedi e inizia a menzionare tutto quanto fatto in questi mesi dalla sua amministrazione, di ogni punto specifica sempre come \u00e8 stata lasciato e come loro stanno agendo o agiranno. I punti principali: \u201cIl verde pubblico, lasciato senza controllo ora si stanno concretamente realizzando degli interventi mirati per migliorarlo, tipo il nuovo impianto di irrigazione in villa. L\u2019organizzazione degli uffici comunali, per la prima volta sono riusciti a spostare di mansione 4 dipendenti, per ottimizzare tutti gli uffici; hanno messo un uscire per razionalizzare le richieste e l\u2019accesso agli uffici da parte dei cittadini. Stiamo cercando di accelerare i lavori degli uffici assumendo un nuovo geometra che si insedier\u00e0 il primo novembre. Costi della politica, sono state ridotte del 25% le spese degli assessori, hanno ridotto le commissioni e le ore di straordinario.\u201d Il Sindaco conclude: <strong>\u201cQui abbiamo trovato una casa in disordine e noi ora stiamo cercando di fare ordine\u201d.<\/strong><\/p>\n<p style=\"text-align: justify;\">Franco Mercieri esprime la sua soddisfazione perch\u00e8 finalmente si \u00e8 data una valutazione della precedente amministrazione: \u201c\u00e8 normale che sembra stiate facendo tanto, perch\u00e9 rispetto a 0 anche poco sembra tanto\u201d. Resta risponde subito al capogruppo di Impegno per Turi: \u201cNoi qui rispondiamo solo di quello che facciamo noi; non \u00e8 solo l\u2019amministrazione Gigantelli che ha lasciato eredit\u00e0 al nostro comune, anzi dobbiamo ringraziarlo per quanto ha fatto nel settore dell\u2019indebitamento. Se fosse stata solo l\u2019amministrazione precedente a creare problemi, questi li avremmo potuto risolvere velocemente\u201d.<\/p>\n<p style=\"text-align: justify;\"><strong>RIEQUILIBRO DEL BILANCIO<\/strong> \u2013 Tateo espone i dettagli delle operazioni fatte per riequilibrare il bilancio causa cambiamenti delle entrate da parte dello Stato.<\/p>\n<p style=\"text-align: justify;\">Mercieri chiede delucidazioni su alcune singole voci e sul perch\u00e9 su alcune voci nel bilancio di previsione si era tolto mentre ora tornano ad aumentare; secondo il suo gruppo questa \u00e8 la dimostrazione che il bilancio 2012 \u00e8 stato fatto male ed in maniera approssimativa.<\/p>\n<p style=\"text-align: justify;\">Catalano: \u201cNoi ci attendevamo un andamento diverso, ma come ben evidenziavamo i colleghi di impegno per turi, i numeri presentano una serie di incongruenze. Specialmente perch\u00e9 abbiamo chiesto ad una fascia di popolazione dei grossi sacrifici.\u201d<\/p>\n<p style=\"text-align: justify;\">Tateo rispondendo alle considerazioni dell\u2019opposizione: \u201cLe minoranze sono ingenerose nei nostri confronti. \u00c8 esagerato parlare di bilancio disastroso solo perch\u00e9 ci sono variazioni di poche utenze. Il 2012 purtroppo \u00e8 considerato da tutti un anno di transizione per la fiscalit\u00e0 comunale. Noi ci auguriamo che nel 2013 le voci del bilancio siano sempre pi\u00f9 precise e diriuscirlo a votaregi\u00e0 nel primo semestre dell&#8217;anno.\u201d<\/p>\n<p style=\"text-align: justify;\"><strong>RICONOSCIMENTO DEBITI FUORI BILANCIO<\/strong> \u2013 La discussione al riguardo \u00e8 stata molto veloce e c\u2019\u00e8 da sottolineare solamente l\u2019intervento di Notarnicola, che chiede di vigilare su quanto certifica il comune di Turi: \u201cPerch\u00e9 non \u00e8 possibile che ci siano sempre inadempienze nel settore urbanistico che portiano a pagare le nostre casse comunali. Spero per il futuro non si verifichino altre situazioni simili\u201d.<\/p>\n<p style=\"text-align: justify;\"><strong>MODIFICHE AL REGOLAMENTO IMU<\/strong> \u2013In consiglio sono state portate alcune piccole correzioni al regolamento Imu adottato lo scorso luglio, modifiche volute dall\u2019Anci (associazioni comuni italiani) per poter evitare problemi con il governo. L\u2019opposizione si \u00e8 rammaricata in consiglio che non si sono tenuti per niente in considerazione le proposte di modifiche presentate all\u2019ultimo consiglio, e per questo non si \u00e8 fatto niente per cercare di proteggere la fascia medio-bassa della popolazione. Il Sindaco ha risposto come per quest\u2019anno non hanno potuto fare gran che al riguardo anche per la carenza di personale nel settore contabile del comune, e cercheranno di fare molto di pi\u00f9 l\u2019anno prossimo.<\/p>\n<p style=\"text-align: justify;\"><strong>DIGITALE TERRESTRE<\/strong> \u2013 Il consiglio si \u00e8 concluso con un ordine del giorno congiunto di tutti i consiglieri far presente i gravi problemi e disagi che il passaggio alla tecnologia digitale ha comportato per migliaia di cittadini turesi, a causa della mancanza di segnale delle emittenti principali sia nazionali che locali.<\/p>\n","protected":false},"excerpt":{"rendered":"<p style=\"text-align: justify;\"><img loading=\"lazy\" decoding=\"async\" class=\" size-full wp-image-10202\" src=\"https:\/\/archivioturi.lavocedelpaese.info\/wp-content\/uploads\/2012\/10\/cc-ott.JPG\" width=\"320\" height=\"150\" alt=\"cc ott\" style=\"margin: 0px 3px;\" srcset=\"https:\/\/archivioturi.lavocedelpaese.info\/wp-content\/uploads\/2012\/10\/cc-ott.JPG 640w, https:\/\/archivioturi.lavocedelpaese.info\/wp-content\/uploads\/2012\/10\/cc-ott-300x141.jpg 300w\" sizes=\"auto, (max-width: 320px) 100vw, 320px\" \/><\/p>\n","protected":false},"author":1,"featured_media":10202,"comment_status":"open","ping_status":"closed","sticky":false,"template":"","format":"standard","meta":{"colormag_page_container_layout":"default_layout","colormag_page_sidebar_layout":"default_layout","footnotes":""},"categories":[4],"tags":[],"class_list":["post-10203","post","type-post","status-publish","format-standard","has-post-thumbnail","hentry","category-politica"],"_links":{"self":[{"href":"https:\/\/archivioturi.lavocedelpaese.info\/index.php\/wp-json\/wp\/v2\/posts\/10203","targetHints":{"allow":["GET"]}}],"collection":[{"href":"https:\/\/archivioturi.lavocedelpaese.info\/index.php\/wp-json\/wp\/v2\/posts"}],"about":[{"href":"https:\/\/archivioturi.lavocedelpaese.info\/index.php\/wp-json\/wp\/v2\/types\/post"}],"author":[{"embeddable":true,"href":"https:\/\/archivioturi.lavocedelpaese.info\/index.php\/wp-json\/wp\/v2\/users\/1"}],"replies":[{"embeddable":true,"href":"https:\/\/archivioturi.lavocedelpaese.info\/index.php\/wp-json\/wp\/v2\/comments?post=10203"}],"version-history":[{"count":0,"href":"https:\/\/archivioturi.lavocedelpaese.info\/index.php\/wp-json\/wp\/v2\/posts\/10203\/revisions"}],"wp:featuredmedia":[{"embeddable":true,"href":"https:\/\/archivioturi.lavocedelpaese.info\/index.php\/wp-json\/wp\/v2\/media\/10202"}],"wp:attachment":[{"href":"https:\/\/archivioturi.lavocedelpaese.info\/index.php\/wp-json\/wp\/v2\/media?parent=10203"}],"wp:term":[{"taxonomy":"category","embeddable":true,"href":"https:\/\/archivioturi.lavocedelpaese.info\/index.php\/wp-json\/wp\/v2\/categories?post=10203"},{"taxonomy":"post_tag","embeddable":true,"href":"https:\/\/archivioturi.lavocedelpaese.info\/index.php\/wp-json\/wp\/v2\/tags?post=10203"}],"curies":[{"name":"wp","href":"https:\/\/api.w.org\/{rel}","templated":true}]}}