{"id":10178,"date":"2012-10-07T11:04:22","date_gmt":"2012-10-07T11:04:22","guid":{"rendered":"https:\/\/archivioturi.lavocedelpaese.info\/index.php\/2012\/10\/07\/tragico-incidente-muore-dario-danese\/"},"modified":"2012-10-07T11:04:22","modified_gmt":"2012-10-07T11:04:22","slug":"tragico-incidente-muore-dario-danese","status":"publish","type":"post","link":"https:\/\/archivioturi.lavocedelpaese.info\/index.php\/2012\/10\/07\/tragico-incidente-muore-dario-danese\/","title":{"rendered":"Tragico incidente: muore Dario Danese"},"content":{"rendered":"<p><img loading=\"lazy\" decoding=\"async\" class=\" size-full wp-image-10177\" src=\"https:\/\/archivioturi.lavocedelpaese.info\/wp-content\/uploads\/2012\/10\/Dario-Danese.jpg\" width=\"320\" height=\"150\" alt=\"Dario-Danese\" style=\"margin: 0px 3px;\" srcset=\"https:\/\/archivioturi.lavocedelpaese.info\/wp-content\/uploads\/2012\/10\/Dario-Danese.jpg 640w, https:\/\/archivioturi.lavocedelpaese.info\/wp-content\/uploads\/2012\/10\/Dario-Danese-300x141.jpg 300w\" sizes=\"auto, (max-width: 320px) 100vw, 320px\" \/><\/p>\n<p>&nbsp;<\/p>\n<p style=\"text-align: justify;\"><strong>Turi <\/strong>&#8211; Un tragico incidente \u00e8 avvenuto questa notte intorno alle ore 4 sulla strada statale 172 nel tratto tra Turi e Putignano. Un ragazzo ventisettenne di Turi, Dario Danese, ha perso la vita mentre tornava a casa da una festa. Per cause da accertare ha perso il controllo della sua Smart e successivamente pare sia stato travolto da un furgone che proveniva dalla direzione opposta. Sul posto sono intervenuti i sanitari del 118 che lo hanno trasportato in ospedale a Putignano. Le sue condizioni, gi\u00e0 gravi, sono peggiorate e da l\u00ec sembra sia stata presa la decisione di trasportarlo al Miulli di Acquaviva, dove \u00e8 morto poco dopo.<\/p>\n<p style=\"text-align: justify;\">Nel 2007 era stato coinvolto in un altro grave incidente. Questa volta, purtroppo, non ce l\u2019ha fatta.<\/p>\n<p style=\"text-align: justify;\">La redazione di Turiweb si stringe al dolore della famiglia.<\/p>\n<p style=\"text-align: justify;\">Foto di Vivi la strada<\/p>\n","protected":false},"excerpt":{"rendered":"<p><img loading=\"lazy\" decoding=\"async\" class=\" size-full wp-image-10177\" src=\"https:\/\/archivioturi.lavocedelpaese.info\/wp-content\/uploads\/2012\/10\/Dario-Danese.jpg\" width=\"320\" height=\"150\" alt=\"Dario-Danese\" style=\"margin: 0px 3px;\" srcset=\"https:\/\/archivioturi.lavocedelpaese.info\/wp-content\/uploads\/2012\/10\/Dario-Danese.jpg 640w, https:\/\/archivioturi.lavocedelpaese.info\/wp-content\/uploads\/2012\/10\/Dario-Danese-300x141.jpg 300w\" sizes=\"auto, (max-width: 320px) 100vw, 320px\" \/><\/p>\n<p>&nbsp;<\/p>\n","protected":false},"author":1,"featured_media":10177,"comment_status":"open","ping_status":"closed","sticky":false,"template":"","format":"standard","meta":{"colormag_page_container_layout":"default_layout","colormag_page_sidebar_layout":"default_layout","footnotes":""},"categories":[8],"tags":[],"class_list":["post-10178","post","type-post","status-publish","format-standard","has-post-thumbnail","hentry","category-cronaca"],"_links":{"self":[{"href":"https:\/\/archivioturi.lavocedelpaese.info\/index.php\/wp-json\/wp\/v2\/posts\/10178","targetHints":{"allow":["GET"]}}],"collection":[{"href":"https:\/\/archivioturi.lavocedelpaese.info\/index.php\/wp-json\/wp\/v2\/posts"}],"about":[{"href":"https:\/\/archivioturi.lavocedelpaese.info\/index.php\/wp-json\/wp\/v2\/types\/post"}],"author":[{"embeddable":true,"href":"https:\/\/archivioturi.lavocedelpaese.info\/index.php\/wp-json\/wp\/v2\/users\/1"}],"replies":[{"embeddable":true,"href":"https:\/\/archivioturi.lavocedelpaese.info\/index.php\/wp-json\/wp\/v2\/comments?post=10178"}],"version-history":[{"count":0,"href":"https:\/\/archivioturi.lavocedelpaese.info\/index.php\/wp-json\/wp\/v2\/posts\/10178\/revisions"}],"wp:featuredmedia":[{"embeddable":true,"href":"https:\/\/archivioturi.lavocedelpaese.info\/index.php\/wp-json\/wp\/v2\/media\/10177"}],"wp:attachment":[{"href":"https:\/\/archivioturi.lavocedelpaese.info\/index.php\/wp-json\/wp\/v2\/media?parent=10178"}],"wp:term":[{"taxonomy":"category","embeddable":true,"href":"https:\/\/archivioturi.lavocedelpaese.info\/index.php\/wp-json\/wp\/v2\/categories?post=10178"},{"taxonomy":"post_tag","embeddable":true,"href":"https:\/\/archivioturi.lavocedelpaese.info\/index.php\/wp-json\/wp\/v2\/tags?post=10178"}],"curies":[{"name":"wp","href":"https:\/\/api.w.org\/{rel}","templated":true}]}}