{"id":10148,"date":"2012-10-01T08:27:29","date_gmt":"2012-10-01T08:27:29","guid":{"rendered":"https:\/\/archivioturi.lavocedelpaese.info\/index.php\/2012\/10\/01\/lenato-qresta-venditore-di-stoviglieq\/"},"modified":"2012-10-01T08:27:29","modified_gmt":"2012-10-01T08:27:29","slug":"lenato-qresta-venditore-di-stoviglieq","status":"publish","type":"post","link":"https:\/\/archivioturi.lavocedelpaese.info\/index.php\/2012\/10\/01\/lenato-qresta-venditore-di-stoviglieq\/","title":{"rendered":"Lenato: &#8220;Resta, venditore di stoviglie!&#8221;"},"content":{"rendered":"<p style=\"text-align: justify;\"><img loading=\"lazy\" decoding=\"async\" class=\" size-full wp-image-10147\" src=\"https:\/\/archivioturi.lavocedelpaese.info\/wp-content\/uploads\/2012\/10\/METTI-QUESTA.JPG\" width=\"320\" height=\"150\" alt=\"METTI QUESTA\" style=\"margin: 0px 3px;\" srcset=\"https:\/\/archivioturi.lavocedelpaese.info\/wp-content\/uploads\/2012\/10\/METTI-QUESTA.JPG 640w, https:\/\/archivioturi.lavocedelpaese.info\/wp-content\/uploads\/2012\/10\/METTI-QUESTA-300x141.jpg 300w\" sizes=\"auto, (max-width: 320px) 100vw, 320px\" \/><\/p>\n<p style=\"text-align: justify;\">Non potevano essere che duri e taglienti i toni e le parole impiegate dal consigliere comunale di minoranza e leader della lista &#8220;Impegno per Turi&#8221;, Franco Mercieri e dei membri Vito Lenato e Menico Coladonato. Sin dalle prime battute, che hanno richiamato all&#8217;attenzione gli astanti di piazza S. Orlandi nel tardo pomeriggio di sabato 22 settembre, gli oratori hanno messo i puntini sulle &#8220;i&#8221; analizzando questi primi cinque mesi di Amministrazione Resta.<\/p>\n<p style=\"text-align: justify;\">Sicuramente non sono state parole dolci a descrivere la raffica di aumenti che in pochi mesi i cittadini turesi si sono trovati a pagare, insieme alle inspiegabili spese che l&#8217;Amministrazione ha deciso di affrontare a discapito di problemi molto pi\u00f9 importanti per la collettivit\u00e0. A descrivere meglio e pi\u00f9 nel dettaglio le accuse all&#8217;Amministrazione Resta, il coordinatore del gruppo Franco Mercieri, ha lasciato la parola a Vito Lenato che ha presto descritto l&#8217;attuale sindaco un &#8220;venditore di stoviglie&#8221;, a capo di un&#8217;Amministrazione che non si impegna per le sorti del paese.<\/p>\n<p style=\"text-align: justify;\">&#8220;I turesi continuano a trovarsi di fronte al degrado dei giardini pubblici, del cimitero, della viabilit\u00e0 o dell&#8217;illuminazione pubblica, nonostante le tante promesse fatte durante la campagna elettorale&#8221; &#8211; ha puntualizzato Lenato. &#8220;Avevi promesso una maggiore efficienza amministrativa e un maggiore contatto con i cittadini &#8211; ha proseguito diretto verso il sindaco Resta &#8211; ma nulla di quanto detto \u00e8 stato fatto e piuttosto ci s&#8217;impegna per una &#8220;politica mondana&#8221; o per aumentare la Tarsu o l&#8217;Irpef che cos\u00ec gravano sulle spalle dei turesi&#8221;.<\/p>\n<p style=\"text-align: justify;\">Quindi ritornano a commentare i risultati della campagna elettorale sostenendo che &#8220;Impegno per Turi&#8221; ha perso per i comportamenti sleali del sindaco Resta e della sua lista. &#8220;La nostra non \u00e8 una sconfitta elettorale, ma una vittoria di circa 3000 persone, senza vincoli di partito&#8221;. Cos\u00ec Vito Lenato ha lasciato il microfono a Menico Coladonato che \u00e8 tornato in maniera propositiva a porre l&#8217;accento sul lavoro che il movimento, creato e coordinato da Franco Mercieri solo due anni addietro, continua a svolgere, ascoltando, accogliendo e dando voce alle necessit\u00e0 e ai bisogni della cittadinanza. In tali termini Coladonato ha esortato ad una maggiore partecipazione dei turesi, d&#8217;origine e nuovi, in grado di sviluppare nuovi esempi di amministrazione e un continuo controllo dell&#8217;azione politica che si deve muovere sempre nel pieno rispetto delle regole. &#8220;Hanno bisogno di tempo, ma le regole devono essere rispettate&#8221;. Ha chiuso cos\u00ec il comizio di sabato il gruppo di &#8220;Impegno per Turi&#8221;, promettendo interrogazioni in Consiglio Comunale su comportamenti discutibili, come &#8220;la messinscena in occasione di un confronto illegale svolto unicamente da Onofrio Resta in occasione della campagna elettorale o la concessione ad un Assessore di un&#8217;auto comunale per partecipare ad un incontro sulle ciliegie&#8221;.<\/p>\n","protected":false},"excerpt":{"rendered":"<p style=\"text-align: justify;\"><img loading=\"lazy\" decoding=\"async\" class=\" size-full wp-image-10147\" src=\"https:\/\/archivioturi.lavocedelpaese.info\/wp-content\/uploads\/2012\/10\/METTI-QUESTA.JPG\" width=\"320\" height=\"150\" alt=\"METTI QUESTA\" style=\"margin: 0px 3px;\" srcset=\"https:\/\/archivioturi.lavocedelpaese.info\/wp-content\/uploads\/2012\/10\/METTI-QUESTA.JPG 640w, https:\/\/archivioturi.lavocedelpaese.info\/wp-content\/uploads\/2012\/10\/METTI-QUESTA-300x141.jpg 300w\" sizes=\"auto, (max-width: 320px) 100vw, 320px\" \/><\/p>\n","protected":false},"author":1,"featured_media":10147,"comment_status":"open","ping_status":"closed","sticky":false,"template":"","format":"standard","meta":{"colormag_page_container_layout":"default_layout","colormag_page_sidebar_layout":"default_layout","footnotes":""},"categories":[4],"tags":[],"class_list":["post-10148","post","type-post","status-publish","format-standard","has-post-thumbnail","hentry","category-politica"],"_links":{"self":[{"href":"https:\/\/archivioturi.lavocedelpaese.info\/index.php\/wp-json\/wp\/v2\/posts\/10148","targetHints":{"allow":["GET"]}}],"collection":[{"href":"https:\/\/archivioturi.lavocedelpaese.info\/index.php\/wp-json\/wp\/v2\/posts"}],"about":[{"href":"https:\/\/archivioturi.lavocedelpaese.info\/index.php\/wp-json\/wp\/v2\/types\/post"}],"author":[{"embeddable":true,"href":"https:\/\/archivioturi.lavocedelpaese.info\/index.php\/wp-json\/wp\/v2\/users\/1"}],"replies":[{"embeddable":true,"href":"https:\/\/archivioturi.lavocedelpaese.info\/index.php\/wp-json\/wp\/v2\/comments?post=10148"}],"version-history":[{"count":0,"href":"https:\/\/archivioturi.lavocedelpaese.info\/index.php\/wp-json\/wp\/v2\/posts\/10148\/revisions"}],"wp:featuredmedia":[{"embeddable":true,"href":"https:\/\/archivioturi.lavocedelpaese.info\/index.php\/wp-json\/wp\/v2\/media\/10147"}],"wp:attachment":[{"href":"https:\/\/archivioturi.lavocedelpaese.info\/index.php\/wp-json\/wp\/v2\/media?parent=10148"}],"wp:term":[{"taxonomy":"category","embeddable":true,"href":"https:\/\/archivioturi.lavocedelpaese.info\/index.php\/wp-json\/wp\/v2\/categories?post=10148"},{"taxonomy":"post_tag","embeddable":true,"href":"https:\/\/archivioturi.lavocedelpaese.info\/index.php\/wp-json\/wp\/v2\/tags?post=10148"}],"curies":[{"name":"wp","href":"https:\/\/api.w.org\/{rel}","templated":true}]}}