{"id":10143,"date":"2012-10-01T17:18:55","date_gmt":"2012-10-01T17:18:55","guid":{"rendered":"https:\/\/archivioturi.lavocedelpaese.info\/index.php\/2012\/10\/01\/la-palma-ammosciata\/"},"modified":"2012-10-01T17:18:55","modified_gmt":"2012-10-01T17:18:55","slug":"la-palma-ammosciata","status":"publish","type":"post","link":"https:\/\/archivioturi.lavocedelpaese.info\/index.php\/2012\/10\/01\/la-palma-ammosciata\/","title":{"rendered":"La palma ammosciata"},"content":{"rendered":"<p style=\"text-align: justify;\"><img loading=\"lazy\" decoding=\"async\" class=\" size-full wp-image-10142\" src=\"https:\/\/archivioturi.lavocedelpaese.info\/wp-content\/uploads\/2012\/10\/palma-ammos.JPG\" width=\"320\" height=\"150\" alt=\"palma ammos\" style=\"margin: 0px 3px;\" srcset=\"https:\/\/archivioturi.lavocedelpaese.info\/wp-content\/uploads\/2012\/10\/palma-ammos.JPG 640w, https:\/\/archivioturi.lavocedelpaese.info\/wp-content\/uploads\/2012\/10\/palma-ammos-300x141.jpg 300w\" sizes=\"auto, (max-width: 320px) 100vw, 320px\" \/><\/p>\n<p style=\"text-align: justify;\">Un\u2019altra vittima del punteruolo rosso a Turi? Questa volta \u00e8 la palma di Piazza Venusio. Da qualche settimana ormai gli impotenti residenti e non della zona hanno visto \u201cammosciarsi\u201d sempre di pi\u00f9 la palma situata all\u2019angolo tra via Chiarappa e via Camposeo.<\/p>\n<p style=\"text-align: justify;\">Si ipotizza che la palma si trova in queste condizioni oggi, perch\u00e9 il punteruolo agisce da almeno 8 mesi; e la situazione attuale di abbassamento della fronda \u00e8 indice che la palma \u00e8 morta o sta per morire. C\u2019\u00e8 per\u00f2 qualche dubbio sul fatto che sia realmente l\u2019insetto killer delle palme ad agire, poich\u00e9 i primi sintomi si osservano nella foglie giovani, mentre in questo caso le foglie interessate sono le pi\u00f9 esterne e le pi\u00f9 vecchie.<\/p>\n<p style=\"text-align: justify;\">L\u2019assessore Tonio Palmisano contattato dalla redazione ha riferito che: \u201cPurtroppo l\u2019intervento contro il punteruolo realizzato su tutte le palme di Turi, che ha salvato quelle in piazza Aldo Moro, sembra non aver avuto effetto su questa palma; sto gi\u00e0 procedendo con un agronomo a verificare la situazione di tale palma, per poi prendere le misure necessarie\u201d.<\/p>\n","protected":false},"excerpt":{"rendered":"<p style=\"text-align: justify;\"><img loading=\"lazy\" decoding=\"async\" class=\" size-full wp-image-10142\" src=\"https:\/\/archivioturi.lavocedelpaese.info\/wp-content\/uploads\/2012\/10\/palma-ammos.JPG\" width=\"320\" height=\"150\" alt=\"palma ammos\" style=\"margin: 0px 3px;\" srcset=\"https:\/\/archivioturi.lavocedelpaese.info\/wp-content\/uploads\/2012\/10\/palma-ammos.JPG 640w, https:\/\/archivioturi.lavocedelpaese.info\/wp-content\/uploads\/2012\/10\/palma-ammos-300x141.jpg 300w\" sizes=\"auto, (max-width: 320px) 100vw, 320px\" \/><\/p>\n","protected":false},"author":1,"featured_media":10142,"comment_status":"open","ping_status":"closed","sticky":false,"template":"","format":"standard","meta":{"colormag_page_container_layout":"default_layout","colormag_page_sidebar_layout":"default_layout","footnotes":""},"categories":[7],"tags":[],"class_list":["post-10143","post","type-post","status-publish","format-standard","has-post-thumbnail","hentry","category-attualita"],"_links":{"self":[{"href":"https:\/\/archivioturi.lavocedelpaese.info\/index.php\/wp-json\/wp\/v2\/posts\/10143","targetHints":{"allow":["GET"]}}],"collection":[{"href":"https:\/\/archivioturi.lavocedelpaese.info\/index.php\/wp-json\/wp\/v2\/posts"}],"about":[{"href":"https:\/\/archivioturi.lavocedelpaese.info\/index.php\/wp-json\/wp\/v2\/types\/post"}],"author":[{"embeddable":true,"href":"https:\/\/archivioturi.lavocedelpaese.info\/index.php\/wp-json\/wp\/v2\/users\/1"}],"replies":[{"embeddable":true,"href":"https:\/\/archivioturi.lavocedelpaese.info\/index.php\/wp-json\/wp\/v2\/comments?post=10143"}],"version-history":[{"count":0,"href":"https:\/\/archivioturi.lavocedelpaese.info\/index.php\/wp-json\/wp\/v2\/posts\/10143\/revisions"}],"wp:featuredmedia":[{"embeddable":true,"href":"https:\/\/archivioturi.lavocedelpaese.info\/index.php\/wp-json\/wp\/v2\/media\/10142"}],"wp:attachment":[{"href":"https:\/\/archivioturi.lavocedelpaese.info\/index.php\/wp-json\/wp\/v2\/media?parent=10143"}],"wp:term":[{"taxonomy":"category","embeddable":true,"href":"https:\/\/archivioturi.lavocedelpaese.info\/index.php\/wp-json\/wp\/v2\/categories?post=10143"},{"taxonomy":"post_tag","embeddable":true,"href":"https:\/\/archivioturi.lavocedelpaese.info\/index.php\/wp-json\/wp\/v2\/tags?post=10143"}],"curies":[{"name":"wp","href":"https:\/\/api.w.org\/{rel}","templated":true}]}}