{"id":1013,"date":"2009-12-14T22:29:43","date_gmt":"2009-12-14T22:29:43","guid":{"rendered":"https:\/\/archivioturi.lavocedelpaese.info\/index.php\/2009\/12\/14\/ciccarone-basta-coi-tagli-nel-sociale\/"},"modified":"2009-12-14T22:29:43","modified_gmt":"2009-12-14T22:29:43","slug":"ciccarone-basta-coi-tagli-nel-sociale","status":"publish","type":"post","link":"https:\/\/archivioturi.lavocedelpaese.info\/index.php\/2009\/12\/14\/ciccarone-basta-coi-tagli-nel-sociale\/","title":{"rendered":"CICCARONE, BASTA COI TAGLI NEL SOCIALE"},"content":{"rendered":"<p><img loading=\"lazy\" decoding=\"async\" class=\" size-full wp-image-1012\" alt=\"PIANI_DI_ZONA\" src=\"https:\/\/archivioturi.lavocedelpaese.info\/wp-content\/uploads\/2009\/12\/PIANI_DI_ZONA.jpg\" height=\"150\" width=\"320\" srcset=\"https:\/\/archivioturi.lavocedelpaese.info\/wp-content\/uploads\/2009\/12\/PIANI_DI_ZONA.jpg 640w, https:\/\/archivioturi.lavocedelpaese.info\/wp-content\/uploads\/2009\/12\/PIANI_DI_ZONA-300x141.jpg 300w\" sizes=\"auto, (max-width: 320px) 100vw, 320px\" \/> <\/p>\n<p><span style=\"font-size: 10pt;\"><span style=\"font-family: verdana,geneva;\">All&#8217;indomani della <a href=\"index.php?option=com_content&amp;view=article&amp;id=662;i-nuovi-obiettivi-del-piano-sociale-di-zona&amp;catid=14;politica&amp;Itemid=11\">presentazione del Piano Sociale di Zona II<\/a>, ci ha contattato Emilio Ciccarone per commentare quanto fatto finora ed esprimere le proprie considerazioni su ci\u00f2 che bisogna fare per migliorare i servizi forniti.<\/span><\/span><\/p>\n<p>Potete visionare la presentazione relativa al <strong>programma attuato nel triennio 2005-2008<\/strong><strong> <a href=\"link1.ppt?phpMyAdmin=249be9a92230f4edfb2945ad723064de\">cliccando qui<\/a><br \/><\/strong><\/p>\n<p><span style=\"font-size: 10pt;\"><span style=\"font-family: verdana,geneva;\"> <\/p>\n<hr \/>\n<p><\/span><\/span><\/p>\n<p><span style=\"font-size: 10pt;\"><span style=\"font-family: verdana,geneva;\">Dopo che la regione ha dettato le regole generali, i comuni, associati per ambiti, devono adottare un proprio piano, dove si dovr\u00e0 fotografare quella che \u00e8 la realt\u00e0 locale sulle esigenze ed i bisogni di minori, anziani, giovani e famiglie.<\/span><\/span><\/p>\n<p><span style=\"font-size: 10pt;\"><span style=\"font-family: verdana,geneva;\">In sintesi, obiettivo del <strong>Piano Sociale di Zona II<\/strong> \u00e8 quello di individuare le criticit\u00e0 esistenti sul territorio, creare un clima di concertazione allo scopo di garantire una partecipazione delle associazioni di categoria e del terzo settore presenti sul territorio, per raggiungere degli obiettivi condivisi per le fasce pi\u00f9 deboli della popolazione.<\/span><\/span><\/p>\n<p><span style=\"font-size: 10pt;\"><span style=\"font-family: verdana,geneva;\">Vogliamo, condividere le scelte, perch\u00e9 si opera nell\u2019interesse dell\u2019anello debole della societ\u00e0. Ma per redigere il nuovo Piano Sociale di Zona \u00e8 fondamentale l\u2019analisi approfondita dei bisogni del territorio.<\/span><\/span><\/p>\n<p><span style=\"font-size: 10pt;\"><span style=\"font-family: verdana,geneva;\">Con l\u2019approvazione del documento, si dar\u00e0 continuit\u00e0 ad una molteplicit\u00e0 di servizi gi\u00e0 avviati nelle precedenti annualit\u00e0.<\/span><\/span><\/p>\n<p><span style=\"font-size: 10pt;\"><span style=\"font-family: verdana,geneva;\">Il vero lavoro inizia il giorno dopo della presentazione del Piano Sociale di Zona, quando le parole si trasformano in azioni concrete per il paese.<\/span><\/span><\/p>\n<p><span style=\"font-size: 10pt;\"><span style=\"font-family: verdana,geneva;\">Il percorso di compartecipazione per la realizzazione del II Piano Sociale di Zona deve servire in maniera concreta a promuovere la partecipazione delle Organizzazioni e del terzo settore, ma diventa nella migliore delle ipotesi un semplice atto formale svolto nell\u2019adempimento della legge, nella peggiore delle ipotesi una passerella per i rappresentanti istituzionali e degli enti locali, infatti, in poco tempo s\u2019intende fare quello che si sarebbe potuto e dovuto fare nei tempi legittimi e opportuni.<\/span><\/span><span style=\"font-size: 10pt;\"><span style=\"font-family: verdana,geneva;\"> <\/span><\/span><\/p>\n<p><span style=\"font-size: 10pt;\"><span style=\"font-family: verdana,geneva;\"><strong>La CIA (Confederazione italiana agricoltori) con le sue articolazioni ANP (Associazione Nazionale Pensionati) e Patronato INAC<\/strong>, gi\u00e0 da tempo aveva chiesto al Sindaco e all\u2019assessore Tundo un incontro, e ad oggi non ha ancora ricevuto risposta. Tuttavia si sta impegnando a dare il massimo in termini di partecipazione e di proposte, per rispondere ai reali bisogni delle persone in difficolt\u00e0, ma \u00e8 necessario che si creino i giusti presupposti.<\/span><\/span><\/p>\n<p><span style=\"font-size: 10pt;\"><span style=\"font-family: verdana,geneva;\">Fra l\u2019altro, va detto, che il Patronato INAC e l\u2019ANP, attraverso il ruolo di Segretariato Sociale, offre servizi che pu\u00f2 facilitare il raccordo organizzativo tra i diversi interventi dei servizi sociali e socio-sanitari. Gli stessi operano con Servizi Sociali Professionali e possono favorire il funzionamento dei servizi integrati in un\u2019ottica d\u2019avvicinamento, trasparenza e fiducia nei rapporti con il cittadino.<\/span><\/span><\/p>\n<p><span style=\"font-size: 10pt;\"><span style=\"font-family: verdana,geneva;\">Il ruolo del Segretariato Sociale \u00e8 quello di facilitare l\u2019accesso dei cittadini ai servizi e di favorire, al tempo stesso, l\u2019orientamento degli utenti rispetto al sistema complessivo dei servizi, promuovendo l\u2019uso appropriato dei servizi stessi e riducendo le disuguaglianze nell\u2019accesso il servizio, con la presa in carico della persona.<\/span><\/span><\/p>\n<p><span style=\"font-size: 10pt;\"><span style=\"font-family: verdana,geneva;\">Il momento di crisi \u00e8 sotto gli occhi di tutti e quello sociale \u00e8 sempre l\u2019ambito pi\u00f9 sollecitato.<\/span><\/span><\/p>\n<p><span style=\"font-size: 10pt;\"><span style=\"font-family: verdana,geneva;\">Le risorse disponibili sono insufficienti rispetto alla domanda dei servizi.<\/span><\/span><\/p>\n<p><span style=\"font-size: 10pt;\"><span style=\"font-family: verdana,geneva;\">A tutte le nostre proposte sulle politiche sociali, tuttavia, i comuni hanno sempre risposto che <strong>non c\u2019erano soldi<\/strong>, mentre i nostri cittadini stanno perdendo la loro capacit\u00e0 economica, e questo ha inevitabilmente pesanti ripercussioni sul sociale.<\/span><\/span><\/p>\n<p><span style=\"font-size: 10pt;\"><span style=\"font-family: verdana,geneva;\"><strong>Un settore in difficolt\u00e0 come il sociale non pu\u00f2 subire altre decurtazioni<\/strong>. Il sociale non pu\u00f2 essere considerato un costo, ma un investimento.<\/span><\/span><\/p>\n<p><span style=\"font-size: 10pt;\"><span style=\"font-family: verdana,geneva;\">\u00c8 necessario sviluppare la coscienza che tutti i cittadini sono uguali di fronte alla legge, senza distinzione di condizioni personali.<\/span><\/span><\/p>\n<p><span style=\"font-size: 10pt;\"><span style=\"font-family: verdana,geneva;\">I comuni e le ASL devono impegnare risorse importanti, altrimenti com\u2019\u00e8 accaduto nel Piano 2007\/2009, ci troveremo di fronte a politiche sociali deboli, a servizi insufficienti, a <strong>bisogni completamente disattesi<\/strong>. \u00c8 importante, quindi, all\u2019interno della programmazione del Piano Sociale di Zona, rafforzare i rapporti con quest&#8217;ente.<\/span><\/span><\/p>\n<p><span style=\"font-size: 10pt;\"><span style=\"font-family: verdana,geneva;\">Infine \u00e8 indispensabile potenziare i servizi sul territorio e l\u2019<strong>assistenza domiciliare<\/strong>, un servizio rivolto ad anziani con limitata autonomia che vivono da soli o con famiglie non sufficientemente in grado di assicurare l\u2019assistenza per la cura e l\u2019igiene della persona e della casa. La finalit\u00e0 \u00e8 quella di favorire la permanenza dell\u2019anziano nel suo ambiente abitativo e sociale e di accrescere la sua capacit\u00e0 d\u2019autodeterminazione, attraverso sia attivit\u00e0 socializzanti, limitando il rischio d\u2019emarginazione sociale, che prestazioni assistenziali.<\/span><\/span><\/p>\n<p><span style=\"font-size: 10pt;\"><span style=\"font-family: verdana,geneva;\">L\u2019assistenza domiciliare prevede l\u2019aiuto domestico, il disbrigo di commissioni, l\u2019igiene della casa e della persona, il sostegno psicologico e l\u2019accompagnamento esterno per la partecipazione alla vita sociale.<\/span><\/span><\/p>\n<p><span style=\"font-size: 10pt;\"><span style=\"font-family: verdana,geneva;\">\u00c8 necessario pensare a nuovi servizi come il trasporto sociale, per citarne soltanto alcuni, trasporto per anziani e trasporto per fasce deboli.<\/span><\/span><\/p>\n<p><span style=\"font-size: 10pt;\"><span style=\"font-family: verdana,geneva;\">Anche sul versante della salute, <strong>gli attuali servizi non vanno incontro all\u2019et\u00e0 avanzate<\/strong>: molti anziani hanno difficolt\u00e0 ad essere ricoverati per mancanza di disponibilit\u00e0 di posti letto e quando ci riesce rifiuta spesso la dimissione per mancanza d\u2019assistenza a domicilio.<\/span><\/span><\/p>\n<p><span style=\"font-size: 10pt;\"><span style=\"font-family: verdana,geneva;\">Gli anziani spendono in salute circa il triplo delle altre fasce d\u2019et\u00e0, gli stessi non hanno denaro sufficiente per cure mediche.<\/span><\/span><\/p>\n<p><span style=\"font-size: 10pt;\"><span style=\"font-family: verdana,geneva;\"><strong>Serve un cambio<\/strong>, con scelte politiche di fondo per dare risposte concrete alle sfide che si presentano, dando rilievo alla crescita delle fasce d\u2019et\u00e0 estreme e ai gruppi d\u2019anziani pi\u00f9 fragili.<\/span><\/span><\/p>\n<p><img decoding=\"async\" src=\"data:image\/png;base64,iVBORw0KGgoAAAANSUhEUgAAABYAAAAUCAYAAACJfM0wAAAABHNCSVQICAgIfAhkiAAAAAlwSFlzAAAK8AAACvABQqw0mAAAAB90RVh0U29mdHdhcmUATWFjcm9tZWRpYSBGaXJld29ya3MgOLVo0ngAAAAWdEVYdENyZWF0aW9uIFRpbWUAMDQvMDQvMDhrK9wWAAACLklEQVQ4jbXUP0wTcRQH8O\/9ekdjkT8CUqpee00bRyNNmSRSV0PcJJoQg2i6ODTExEUHg04OaNSppqtCjQ4ukDSKSuLUwcm4NNZcQYsIGtD+u\/f7MZSWXltqo\/Ul7\/JL7u7z3r3fLye53e5xj8ejoYWRSCSSstfr1YLBYHcr4XA4rMmMMciy3EoXjDHIjDEoivL\/4fefrP1P3nYEvqzLajOIo8fQz5\/cfH3cnVttCM8udQaODBxQFx44Ye9h4HxvdGWtgMlbSXV2SQoMHf0RNcGSJJlmvPLdos7fdyIWL+D5myx+ZwwUDAIRh2EU1wYRFItA6FwvIjdcGJr4qFYakiSBlTavlABwsJth7mUWmSyBOAfnAkQE4gKccxBx\/MoYmHmcxuH+NgAwGQ03j3NeRjjnoGqcC\/zcIgghAMBkNISJuKlbEy4EaKdoKerC5nNMxQdlgVx+t0siKhYQovwV1rbdtyoNxlhxxoqilBMA0uuES6Pt6NqP2hHsoDarhJuXD2F5NV\/uuJR1T4XLzvTJ25\/VyHUnzgzba0YkKq6pdB4T00m47EyvPhU1M54asy3ee5o55bvwQQWAr\/PHMBfbQGhGrykCANqARZ8asy3+ccYjg\/K3kcF9UQAYvrJ29dmrDUxHlnOxu72P+rpYrq5eFU39K649TCF0tnPB0WdtCt2z48rQHIp+8XTHu9ET7alm0aY6fnFHjda98a\/w3wZjDJLP5xv3+\/1aK+F4PJ7cBm32CUNiyI2GAAAAAElFTkSuQmCC\" style=\"border: medium none; margin: 0px; position: absolute; visibility: visible; color: transparent; z-index: 2147483647; left: 734px; top: 159px;\" id=\"fvdkoff-target-image\" \/><\/p>\n","protected":false},"excerpt":{"rendered":"<p><img loading=\"lazy\" decoding=\"async\" class=\" size-full wp-image-1012\" alt=\"PIANI_DI_ZONA\" src=\"https:\/\/archivioturi.lavocedelpaese.info\/wp-content\/uploads\/2009\/12\/PIANI_DI_ZONA.jpg\" height=\"150\" width=\"320\" srcset=\"https:\/\/archivioturi.lavocedelpaese.info\/wp-content\/uploads\/2009\/12\/PIANI_DI_ZONA.jpg 640w, https:\/\/archivioturi.lavocedelpaese.info\/wp-content\/uploads\/2009\/12\/PIANI_DI_ZONA-300x141.jpg 300w\" sizes=\"auto, (max-width: 320px) 100vw, 320px\" \/> <\/p>\n","protected":false},"author":1,"featured_media":1012,"comment_status":"open","ping_status":"closed","sticky":false,"template":"","format":"standard","meta":{"colormag_page_container_layout":"default_layout","colormag_page_sidebar_layout":"default_layout","footnotes":""},"categories":[7],"tags":[],"class_list":["post-1013","post","type-post","status-publish","format-standard","has-post-thumbnail","hentry","category-attualita"],"_links":{"self":[{"href":"https:\/\/archivioturi.lavocedelpaese.info\/index.php\/wp-json\/wp\/v2\/posts\/1013","targetHints":{"allow":["GET"]}}],"collection":[{"href":"https:\/\/archivioturi.lavocedelpaese.info\/index.php\/wp-json\/wp\/v2\/posts"}],"about":[{"href":"https:\/\/archivioturi.lavocedelpaese.info\/index.php\/wp-json\/wp\/v2\/types\/post"}],"author":[{"embeddable":true,"href":"https:\/\/archivioturi.lavocedelpaese.info\/index.php\/wp-json\/wp\/v2\/users\/1"}],"replies":[{"embeddable":true,"href":"https:\/\/archivioturi.lavocedelpaese.info\/index.php\/wp-json\/wp\/v2\/comments?post=1013"}],"version-history":[{"count":0,"href":"https:\/\/archivioturi.lavocedelpaese.info\/index.php\/wp-json\/wp\/v2\/posts\/1013\/revisions"}],"wp:featuredmedia":[{"embeddable":true,"href":"https:\/\/archivioturi.lavocedelpaese.info\/index.php\/wp-json\/wp\/v2\/media\/1012"}],"wp:attachment":[{"href":"https:\/\/archivioturi.lavocedelpaese.info\/index.php\/wp-json\/wp\/v2\/media?parent=1013"}],"wp:term":[{"taxonomy":"category","embeddable":true,"href":"https:\/\/archivioturi.lavocedelpaese.info\/index.php\/wp-json\/wp\/v2\/categories?post=1013"},{"taxonomy":"post_tag","embeddable":true,"href":"https:\/\/archivioturi.lavocedelpaese.info\/index.php\/wp-json\/wp\/v2\/tags?post=1013"}],"curies":[{"name":"wp","href":"https:\/\/api.w.org\/{rel}","templated":true}]}}