{"id":10050,"date":"2012-09-18T12:13:18","date_gmt":"2012-09-18T12:13:18","guid":{"rendered":"https:\/\/archivioturi.lavocedelpaese.info\/index.php\/2012\/09\/18\/scuola-un-cantiere-sempre-aperto\/"},"modified":"2012-09-18T12:13:18","modified_gmt":"2012-09-18T12:13:18","slug":"scuola-un-cantiere-sempre-aperto","status":"publish","type":"post","link":"https:\/\/archivioturi.lavocedelpaese.info\/index.php\/2012\/09\/18\/scuola-un-cantiere-sempre-aperto\/","title":{"rendered":"Scuola: un cantiere sempre aperto"},"content":{"rendered":"<p style=\"text-align: justify;\"><img loading=\"lazy\" decoding=\"async\" class=\" size-full wp-image-10049\" src=\"https:\/\/archivioturi.lavocedelpaese.info\/wp-content\/uploads\/2012\/09\/Cazzetta.JPG\" width=\"320\" height=\"152\" alt=\"Cazzetta\" style=\"margin: 0px 3px;\" srcset=\"https:\/\/archivioturi.lavocedelpaese.info\/wp-content\/uploads\/2012\/09\/Cazzetta.JPG 640w, https:\/\/archivioturi.lavocedelpaese.info\/wp-content\/uploads\/2012\/09\/Cazzetta-300x142.jpg 300w\" sizes=\"auto, (max-width: 320px) 100vw, 320px\" \/><\/p>\n<p style=\"text-align: justify;\">Quest\u2019estate i padiglioni della scuola elementare sono stati interessati da lavori di ristrutturazione e rimodernamento, in vista forse della nuova gestione della scuola turese accorpata per fare un unico grande istituto comprensivo tra scuola elementare, dell\u2019infanzia e media. Le scuole turesi per\u00f2 non sono solo la scuola elementare ma anche via Delle Ginestre e l\u2019asilo in via Mola. Abbiamo chiesto al delegato all\u2019istruzione del comune di Turi Modesto Cazzetta qual \u00e8 lo stato dell\u2019arte della scuola turese.<\/p>\n<p style=\"text-align: justify;\"><strong>I lavori alla scuola elementare sono terminati?<\/strong><strong><\/strong><\/p>\n<p style=\"text-align: justify;\">I lavori sono finiti tutti e sono andati anche oltre il progetto iniziale; grazie ai ribassi d\u2019asta, siamo riusciti anche a cambiare&nbsp; i vetri al padiglione A e B ormai non pi\u00f9 a norma. Nei padiglioni interessati sono stati realizzati intonaci nuovi, fino ad una certa altezza \u00e8 stato fatto un trattamento particolare per evitare l\u2019umidit\u00e0 di risalita, sono stati controllati i tetti e nel padiglione A \u00e8 stato ridipinto tutto l\u2019interno, nel padiglione C e in alcune aule del padiglione B invece era stato gi\u00e0 fatto 2 anni fa.<\/p>\n<p style=\"text-align: justify;\"><strong>Come procedono i lavori all<\/strong><strong>\u2019<\/strong><strong>ex padiglione amministrativo?<\/strong><strong><\/strong><\/p>\n<p style=\"text-align: justify;\">L\u2019ufficio tecnico sta lavorando nel disbrigo delle pratiche. Per restare ancora pi\u00f9 tranquilli, abbiamo deciso di alzare il livello di attenzione perci\u00f2 oltre il progetto normale di adeguamento abbiamo deciso di chiedere una verifica strutturale dell\u2019edificio nel caso di modifica strutturale. I lavori prevederanno l\u2019adeguamento di tutto il padiglione ex-amministrativo in maniera da poter ricavare 5 sezioni pi\u00f9 bagni, in pi\u00f9 l\u2019attuale palestra diventer\u00e0 il refettorio. Il progetto non \u00e8 ancora ultimato perci\u00f2 per la realizzazione del tutto si prevede qualche mese ancora.<\/p>\n<p style=\"text-align: justify;\"><strong>&nbsp;Ora parliamo della scuola dell<\/strong><strong>\u2019<\/strong><strong>infanzia di via delle ginestre, a che punto stanno i rilevamenti tecnici del politecnico?<\/strong><strong><\/strong><\/p>\n<p style=\"text-align: justify;\">Il laboratorio che ha eseguito le prove meccaniche su campioni prelevati ha concluso il suo compito ed ha trasmesso i dati raccolti al politecnico che li elaborer\u00e0 con il gruppo di lavoro coordinato dal prof. Cafaro per poi darci la relazione finale.<\/p>\n<p style=\"text-align: justify;\"><strong>Visto che le classi della scuola materna di via delle ginestre ormai stanziano nella scuola primaria; perch<\/strong><strong>\u00e9<\/strong><strong> non farle rimanere l<\/strong><strong>\u00ec<\/strong><strong>?<\/strong><strong><\/strong><\/p>\n<p style=\"text-align: justify;\">Quando avremo una risposta chiara allora prenderemo una decisione. Partendo dal presupposto che in un prossimo futuro ci sar\u00e0 da potenziare la scuola materna, poich\u00e9 ora siamo al limite di capienza possibile, recuperare spazi sar\u00e0 necessario, per via dell\u2019aumento della popolazione scolastica in eta infantile. E fisiologico che nel corso dei prossimi anni questo trend in aumento comporter\u00e0 un maggior fabbisogno di spazi anche per la scuola elementare e media. Per questo stiamo fin d&#8217;ora pensando al recupero di spazi alternativi per una fruizione ottimale della scuola dell&#8217;obbligo.<\/p>\n<p style=\"text-align: justify;\"><strong>L<\/strong><strong>\u2019<\/strong><strong>asilo nido in strada Mola <\/strong><strong>\u00e8<\/strong><strong> pronto per aprire?<\/strong><strong><\/strong><\/p>\n<p style=\"text-align: justify;\">La struttura \u00e8 pronta, per\u00f2 sono da fare ancora una serie di atti amministrativi (collaudo tecnico, bando della gestione, ecc.) perci\u00f2 credo che non si riesca ad aprire fino alla met\u00e0 dell\u2019anno prossimo. Questo sarebbe il primo asilo nido pubblico di Turi, che \u00e8 stato possibile grazie ad un finanziamento all\u2019interno dei piani di zona, recepito dall\u2019amministrazione Gigantelli. L\u2019asilo nido avr\u00e0 una capienza totale di circa 30 bimbi, divisi tra le varie fasce.<\/p>\n<p style=\"text-align: justify;\"><strong>Parliamo dei servizi gestiti dal comune per la scuola: lo scuolabus e la mensa.<\/strong><strong><\/strong><\/p>\n<p style=\"text-align: justify;\">Il primo ottobre parte il servizio scuolabus. Lo scuolabus \u00e8 stato potenziato il servizio da 70 a 90 posti (due autobus da 45 posti), poich\u00e9 avevamo pensato che ci sarebbe stata una richiesta maggiore. Prima di tutto abbiamo avuto un risparmio di circa 20 mila euro poich\u00e9 siamo riusciti a cedere gli scuolabus di propriet\u00e0 del comune poich\u00e9 ormai divenuti obsoleti alla ditta appaltatrice del servizio. Il bando per l\u2019assegnazione \u00e8 stato fatto da gennaio per poter stare nei tempi. Ricordo che nella fasce extraurbana i bambini non pagano mentre per il resto c\u2019\u00e8 un\u2019unica tariffa.<\/p>\n<p style=\"text-align: justify;\">La mensa scolastica da quest\u2019anno sar\u00e0 pagata a scaglioni di reddito:una prima fascia&#8217; con reddito fino a 7500 euro sara completamente esente da costi, per il resto si paghera proporzionalmente al reddito del nucleo familiare. La mensa sar\u00e0 attiva per tutte le classi della scuola dell\u2019infanzia e&nbsp; per 2 classi della scuola elementare (una prima e una seconda).<\/p>\n<p style=\"text-align: justify;\"><strong>Un augurio per l<\/strong><strong>\u2019<\/strong><strong>inizio dell<\/strong><strong>\u2019<\/strong><strong>anno scolastico?<\/strong><strong><\/strong><\/p>\n<p style=\"text-align: justify;\">Faccio gli auguri per un buon e proficuo anno scolastico&nbsp; agli alunni e alle loro famiglie, al Dirigente, al corpo docente e al personale tutto dell&#8217;istituto comprensivo. Auspico che tutte le componenti del mondo scuola si integrino e collaborino tra loro al fine di perseguire un unico grande obiettivo: la crescita culturale, civica e morale dei nostri figli. Voglio anche ringraziare l\u2019uscente consiglio di circolo&nbsp; De Donato Giannini e il consiglio di istituto della scuola media Resta per la collaborazione e il lavoro svolto in questi anni passati. Un pensiero lo voglio rivolgere anche al costituendo consiglio dell&#8217;istituto comprensivo, auspicando una fattiva collaborazione con quanti si adoperano perch\u00e9 la scuola offra sempre altissimi standards di qualit\u00e0.<\/p>\n","protected":false},"excerpt":{"rendered":"<p style=\"text-align: justify;\"><img loading=\"lazy\" decoding=\"async\" class=\" size-full wp-image-10049\" src=\"https:\/\/archivioturi.lavocedelpaese.info\/wp-content\/uploads\/2012\/09\/Cazzetta.JPG\" width=\"320\" height=\"152\" alt=\"Cazzetta\" style=\"margin: 0px 3px;\" srcset=\"https:\/\/archivioturi.lavocedelpaese.info\/wp-content\/uploads\/2012\/09\/Cazzetta.JPG 640w, https:\/\/archivioturi.lavocedelpaese.info\/wp-content\/uploads\/2012\/09\/Cazzetta-300x142.jpg 300w\" sizes=\"auto, (max-width: 320px) 100vw, 320px\" \/><\/p>\n","protected":false},"author":1,"featured_media":10049,"comment_status":"open","ping_status":"closed","sticky":false,"template":"","format":"standard","meta":{"colormag_page_container_layout":"default_layout","colormag_page_sidebar_layout":"default_layout","footnotes":""},"categories":[4],"tags":[],"class_list":["post-10050","post","type-post","status-publish","format-standard","has-post-thumbnail","hentry","category-politica"],"_links":{"self":[{"href":"https:\/\/archivioturi.lavocedelpaese.info\/index.php\/wp-json\/wp\/v2\/posts\/10050","targetHints":{"allow":["GET"]}}],"collection":[{"href":"https:\/\/archivioturi.lavocedelpaese.info\/index.php\/wp-json\/wp\/v2\/posts"}],"about":[{"href":"https:\/\/archivioturi.lavocedelpaese.info\/index.php\/wp-json\/wp\/v2\/types\/post"}],"author":[{"embeddable":true,"href":"https:\/\/archivioturi.lavocedelpaese.info\/index.php\/wp-json\/wp\/v2\/users\/1"}],"replies":[{"embeddable":true,"href":"https:\/\/archivioturi.lavocedelpaese.info\/index.php\/wp-json\/wp\/v2\/comments?post=10050"}],"version-history":[{"count":0,"href":"https:\/\/archivioturi.lavocedelpaese.info\/index.php\/wp-json\/wp\/v2\/posts\/10050\/revisions"}],"wp:featuredmedia":[{"embeddable":true,"href":"https:\/\/archivioturi.lavocedelpaese.info\/index.php\/wp-json\/wp\/v2\/media\/10049"}],"wp:attachment":[{"href":"https:\/\/archivioturi.lavocedelpaese.info\/index.php\/wp-json\/wp\/v2\/media?parent=10050"}],"wp:term":[{"taxonomy":"category","embeddable":true,"href":"https:\/\/archivioturi.lavocedelpaese.info\/index.php\/wp-json\/wp\/v2\/categories?post=10050"},{"taxonomy":"post_tag","embeddable":true,"href":"https:\/\/archivioturi.lavocedelpaese.info\/index.php\/wp-json\/wp\/v2\/tags?post=10050"}],"curies":[{"name":"wp","href":"https:\/\/api.w.org\/{rel}","templated":true}]}}