{"id":10048,"date":"2012-09-18T06:11:28","date_gmt":"2012-09-18T06:11:28","guid":{"rendered":"https:\/\/archivioturi.lavocedelpaese.info\/index.php\/2012\/09\/18\/itc-ce-molto-da-fare\/"},"modified":"2012-09-18T06:11:28","modified_gmt":"2012-09-18T06:11:28","slug":"itc-ce-molto-da-fare","status":"publish","type":"post","link":"https:\/\/archivioturi.lavocedelpaese.info\/index.php\/2012\/09\/18\/itc-ce-molto-da-fare\/","title":{"rendered":"ITC: \u201cC\u2019\u00e8 molto da fare\u201d"},"content":{"rendered":"<p style=\"text-align: justify;\"><img loading=\"lazy\" decoding=\"async\" class=\" size-full wp-image-10047\" src=\"https:\/\/archivioturi.lavocedelpaese.info\/wp-content\/uploads\/2012\/09\/Deleonardis.JPG\" width=\"320\" height=\"150\" alt=\"Deleonardis\" style=\"margin: 0px 3px;\" srcset=\"https:\/\/archivioturi.lavocedelpaese.info\/wp-content\/uploads\/2012\/09\/Deleonardis.JPG 640w, https:\/\/archivioturi.lavocedelpaese.info\/wp-content\/uploads\/2012\/09\/Deleonardis-300x141.jpg 300w\" sizes=\"auto, (max-width: 320px) 100vw, 320px\" \/><\/p>\n<p class=\"StileBase\" style=\"text-align: justify;\">Si potrebbe considerare l\u2019anno zero dell\u2019ITC Sandro Pertini, ma in realt\u00e0, come ci spiega il preside Erminio Deleonardis, il nuovo istituto comprensivo parte dal passato per guardare al futuro. Circa 1100 alunni e 120 insegnanti faranno parte del nuovo istituto che comprender\u00e0 da quest\u2019anno anche la sede associata di Rutigliano \u201cEugenio Montale\u201d.<\/p>\n<p style=\"text-align: justify;\"><strong>L\u2019istituto di Rutigliano \u00e8 stato accorpato a quello di Turi; quali sono le criticit\u00e0 di questo accorpamento?<\/strong><\/p>\n<p style=\"text-align: justify;\">Tante, da quelle di natura didattica (doppie programmazioni, collegio dei docenti e cos\u00ec via) a quelle di natura tecnico-amministrativa, \u00e8 necessario che si chiuda tutta la contabilit\u00e0 sia di Rutigliano che di Turi e che si apra un nuovo conto corrente su cui verr\u00e0 trasferito il vecchio sul nuovo.<\/p>\n<p style=\"text-align: justify;\"><strong>Quali Pon e Por sono previsti quest\u2019anno?<\/strong><\/p>\n<p style=\"text-align: justify;\">Sono gi\u00e0 in essere alcuni progetti Pon; infatti il 22 settembre partono 15 ragazzi per Salamanca e 15 ragazzi per Madrid. Quello di Salamanca \u00e8 un progetto prevalentemente linguistico per l\u2019acquisizione del livello B1 della lingua spagnola mentre quello di Madrid \u00e8 un progetto di tirocinio in azienda spagnole realizzato in collaborazione con la camera di commercio italiana.<\/p>\n<p style=\"text-align: justify;\">Oltre alla didattica ordinaria abbiamo dei corsi di formazioni professionale rivolti ai ragazzi che hanno abbandonato la scuola, per dare una qualifica professionale nel mondo del lavoro. Inoltre stiamo portando avanti un progetto sulla Green Economy con la facolt\u00e0 di agraria di Bari e con l\u2019ordine degli ingegneri.<\/p>\n<p style=\"text-align: justify;\"><strong>Quali sono i suoi collaboratori?<\/strong><\/p>\n<p style=\"text-align: justify;\">Il prof. Buonaccino confermato come vicario e la professoressa Aurelia Palmisano confermato come collaboratrice, insieme a loro collaborano anche altri docenti, ma noi vogliamo che a questa grande famiglia collaborino tutti quelli che abbiano voglia di collaborare.<\/p>\n<p style=\"text-align: justify;\"><strong>Quali piani di studio sono stati attivati quest\u2019anno?<\/strong><\/p>\n<p style=\"text-align: justify;\">Sono gli stessi di sempre per\u00f2 da quest\u2019anno \u00e8 intervenuta la riforma. Dopo aver sostenuto un biennio comune per tutti, l\u2019istituto \u00e8 titolare di 4 corsi di specializzazione nel successivo triennio: Amministrazione finanza e marketing, relazioni internazionali (l\u2019ex linguistico), il turistico, e Sistemi informativi aziendali (l\u2019ex programmatori). Abbiamo conservati tutti i 4 indirizzi.<\/p>\n<p style=\"text-align: justify;\"><strong>In cosa pu\u00f2 migliorare l\u2019istituto?<\/strong><\/p>\n<p style=\"text-align: justify;\">Noi abbiamo sempre bisogno di migliorare e per\u00f2 da soli non possiamo fare niente, abbiamo bisogno di interventi della provincia di carattere tecnico. C\u2018\u00e8 bisogno di una rinfrescata a tutto l\u2019istituto, abbiamo bisogno della sostituzione delle finestre, una copertura come si deve del terrazzo, abbiamo necessit\u00e0 di trasformare il riscaldamento da gasolio a metano. Cosa importantissima se vogliamo fare nuove attivit\u00e0, abbiamo bisogno dell\u2019ampliamento del teatro, soprattutto se si considera che a Turi non c\u2019\u00e8 nient\u2019altro, noi diamo il teatro a tutte le associazioni, senza fini di lucro, che ce lo richiedono e continueremo a farlo.&nbsp;<\/p>\n","protected":false},"excerpt":{"rendered":"<p style=\"text-align: justify;\"><img loading=\"lazy\" decoding=\"async\" class=\" size-full wp-image-10047\" src=\"https:\/\/archivioturi.lavocedelpaese.info\/wp-content\/uploads\/2012\/09\/Deleonardis.JPG\" width=\"320\" height=\"150\" alt=\"Deleonardis\" style=\"margin: 0px 3px;\" srcset=\"https:\/\/archivioturi.lavocedelpaese.info\/wp-content\/uploads\/2012\/09\/Deleonardis.JPG 640w, https:\/\/archivioturi.lavocedelpaese.info\/wp-content\/uploads\/2012\/09\/Deleonardis-300x141.jpg 300w\" sizes=\"auto, (max-width: 320px) 100vw, 320px\" \/><\/p>\n","protected":false},"author":1,"featured_media":10047,"comment_status":"open","ping_status":"closed","sticky":false,"template":"","format":"standard","meta":{"colormag_page_container_layout":"default_layout","colormag_page_sidebar_layout":"default_layout","footnotes":""},"categories":[7],"tags":[],"class_list":["post-10048","post","type-post","status-publish","format-standard","has-post-thumbnail","hentry","category-attualita"],"_links":{"self":[{"href":"https:\/\/archivioturi.lavocedelpaese.info\/index.php\/wp-json\/wp\/v2\/posts\/10048","targetHints":{"allow":["GET"]}}],"collection":[{"href":"https:\/\/archivioturi.lavocedelpaese.info\/index.php\/wp-json\/wp\/v2\/posts"}],"about":[{"href":"https:\/\/archivioturi.lavocedelpaese.info\/index.php\/wp-json\/wp\/v2\/types\/post"}],"author":[{"embeddable":true,"href":"https:\/\/archivioturi.lavocedelpaese.info\/index.php\/wp-json\/wp\/v2\/users\/1"}],"replies":[{"embeddable":true,"href":"https:\/\/archivioturi.lavocedelpaese.info\/index.php\/wp-json\/wp\/v2\/comments?post=10048"}],"version-history":[{"count":0,"href":"https:\/\/archivioturi.lavocedelpaese.info\/index.php\/wp-json\/wp\/v2\/posts\/10048\/revisions"}],"wp:featuredmedia":[{"embeddable":true,"href":"https:\/\/archivioturi.lavocedelpaese.info\/index.php\/wp-json\/wp\/v2\/media\/10047"}],"wp:attachment":[{"href":"https:\/\/archivioturi.lavocedelpaese.info\/index.php\/wp-json\/wp\/v2\/media?parent=10048"}],"wp:term":[{"taxonomy":"category","embeddable":true,"href":"https:\/\/archivioturi.lavocedelpaese.info\/index.php\/wp-json\/wp\/v2\/categories?post=10048"},{"taxonomy":"post_tag","embeddable":true,"href":"https:\/\/archivioturi.lavocedelpaese.info\/index.php\/wp-json\/wp\/v2\/tags?post=10048"}],"curies":[{"name":"wp","href":"https:\/\/api.w.org\/{rel}","templated":true}]}}