{"id":10046,"date":"2012-09-17T18:09:22","date_gmt":"2012-09-17T18:09:22","guid":{"rendered":"https:\/\/archivioturi.lavocedelpaese.info\/index.php\/2012\/09\/17\/brienza-pronto-alla-sfida-dei-1200-alunni\/"},"modified":"2012-09-17T18:09:22","modified_gmt":"2012-09-17T18:09:22","slug":"brienza-pronto-alla-sfida-dei-1200-alunni","status":"publish","type":"post","link":"https:\/\/archivioturi.lavocedelpaese.info\/index.php\/2012\/09\/17\/brienza-pronto-alla-sfida-dei-1200-alunni\/","title":{"rendered":"Brienza pronto alla sfida dei 1200 alunni"},"content":{"rendered":"<p style=\"text-align: justify;\"><img loading=\"lazy\" decoding=\"async\" class=\" size-full wp-image-10045\" src=\"https:\/\/archivioturi.lavocedelpaese.info\/wp-content\/uploads\/2012\/09\/Brienza.JPG\" width=\"320\" height=\"150\" alt=\"Brienza\" style=\"margin: 0px 3px;\" srcset=\"https:\/\/archivioturi.lavocedelpaese.info\/wp-content\/uploads\/2012\/09\/Brienza.JPG 640w, https:\/\/archivioturi.lavocedelpaese.info\/wp-content\/uploads\/2012\/09\/Brienza-300x141.jpg 300w\" sizes=\"auto, (max-width: 320px) 100vw, 320px\" \/><\/p>\n<p class=\"StileBase\" style=\"text-align: justify;\">Sono circa 1200 alunni e 111 insegnanti quelli che si apprestano a far parte del nuovo istituto comprensivo di Turi Resta-Giannini. Il dirigente Ferdinando Brienza dopo un lungo lavoro di preparazione \u00e8 pronto ad accogliere tutti i suoi vecchi e nuovi alunni per l\u2019inizio del prossimo anno scolastico.<\/p>\n<p style=\"text-align: justify;\"><strong>Quali problemi sono sorti dal ridimensionamento e relativo accorpamento tra scuola dell\u2019infanzia, primaria e secondaria?<\/strong><\/p>\n<p style=\"text-align: justify;\">Il sottoscritto fin dal mese di luglio ha iniziato un lavoro di preparazione per la strutturazione di un istitutivo comprensivo che avrebbe abbracciato i 3 gradi di scuola. Grazie a questo lavoro e alla piena disponibilit\u00e0 di quanti docenti e non docenti, possiamo far si che questa nuova istituzione inizi nel migliore dei modi.<\/p>\n<p style=\"text-align: justify;\"><strong>Ha scelto dei collaboratori per poter far funzionare al meglio l\u2019istituto?<\/strong><\/p>\n<p style=\"text-align: justify;\">Il dirigente scolastico secondo la normativa contrattuale pu\u00f2 affidare incarichi come collaboratori a due docenti, al prof. Leronni a cui ho concesso l\u2019esonero dall\u2019insegnamento perci\u00f2 sar\u00e0 sempre a completa disposizione, e alla prof. Rosa Palmisano. In pi\u00f9 ho nominato quali fiduciari per la scuola primaria Spada Maria Antonietta e Spinelli Viviana e per la scuola dell\u2019infanzia Resta Tina.<\/p>\n<p style=\"text-align: justify;\"><strong>Come si \u00e8 proceduto per il sorteggio delle classi?<\/strong><\/p>\n<p style=\"text-align: justify;\">Per quanto riguarda la scuola primaria e dell\u2019infanzia sar\u00e0 effettuato un sorteggio pubblico sia dei docenti che degli alunni. Sar\u00e0 esclusa dal sorteggio la classe prima a tempo pieno.<\/p>\n<p style=\"text-align: justify;\">Per quanto riguarda la scuola media, inizialmente, si doveva fare il sorteggio il collegio dei docenti in virt\u00f9 di diverse situazioni che avrebbero reso difficoltoso fare tale scelta ha optato per una formazione delle classi tenendo conto dei vari parametri utilizzati per la formazione delle classi; che sono: il bilanciamento tra alunni e alunne; la fascia di profitto; l\u2019incompatibilit\u00e0 tra alunni; l\u2019inserimento di alunni diversamente abili e affetti da dsa (disturbi specifici di apprendimento) ed infine il rispetto della sezione per i fratelli.<\/p>\n<p style=\"text-align: justify;\"><strong>Come sar\u00e0 strutturato l\u2019orario della scuola primaria e dell\u2019infanzia?<\/strong><\/p>\n<p style=\"text-align: justify;\">La scuola dell\u2019infanzia conferma gli orari dell\u2019anno scorso; da luned\u00ec al venerd\u00ec, dalle 8 alle 16 con la mensa (quando sar\u00e0 attivata la mensa da novembre). 8-13 fino a quando non sar\u00e0 attivata la mensa.<\/p>\n<p style=\"text-align: justify;\">Le due prime a tempo pieno faranno da lun. al ven. 8-16; mentre per le altre classi \u00e8 prevista la settimana corta dal lun-ven con orario 8:05-13:35 ; con successive regolamentazione dell\u2019orario diverso per le quinte in quanto faranno 30 ore settimanali, mentre il resto delle classi sar\u00e0 da 27 ore.<\/p>\n<p style=\"text-align: justify;\"><strong>Un augurio ai docenti e agli studenti?<\/strong><\/p>\n<p style=\"text-align: justify;\">Il sottoscritto \u00e8 supportato da parecchio entusiasmo ed attaccamento alla sua professione e si augura che tutto il personale possa mostrarsi sempre sensibile, disponibile, in tutte le attivit\u00e0 previste al fine di poter consentire un adeguato percorso formativo, educativo e dell\u2019apprendimento di ogni singolo alunno. Il dirigente sar\u00e0 sempre vicino e sempre presente nei suoi interventi; nonostante la complessit\u00e0 di un istituto comprensivo le aspettative sono positive.<\/p>\n","protected":false},"excerpt":{"rendered":"<p style=\"text-align: justify;\"><img loading=\"lazy\" decoding=\"async\" class=\" size-full wp-image-10045\" src=\"https:\/\/archivioturi.lavocedelpaese.info\/wp-content\/uploads\/2012\/09\/Brienza.JPG\" width=\"320\" height=\"150\" alt=\"Brienza\" style=\"margin: 0px 3px;\" srcset=\"https:\/\/archivioturi.lavocedelpaese.info\/wp-content\/uploads\/2012\/09\/Brienza.JPG 640w, https:\/\/archivioturi.lavocedelpaese.info\/wp-content\/uploads\/2012\/09\/Brienza-300x141.jpg 300w\" sizes=\"auto, (max-width: 320px) 100vw, 320px\" \/><\/p>\n","protected":false},"author":1,"featured_media":10045,"comment_status":"open","ping_status":"closed","sticky":false,"template":"","format":"standard","meta":{"colormag_page_container_layout":"default_layout","colormag_page_sidebar_layout":"default_layout","footnotes":""},"categories":[7],"tags":[],"class_list":["post-10046","post","type-post","status-publish","format-standard","has-post-thumbnail","hentry","category-attualita"],"_links":{"self":[{"href":"https:\/\/archivioturi.lavocedelpaese.info\/index.php\/wp-json\/wp\/v2\/posts\/10046","targetHints":{"allow":["GET"]}}],"collection":[{"href":"https:\/\/archivioturi.lavocedelpaese.info\/index.php\/wp-json\/wp\/v2\/posts"}],"about":[{"href":"https:\/\/archivioturi.lavocedelpaese.info\/index.php\/wp-json\/wp\/v2\/types\/post"}],"author":[{"embeddable":true,"href":"https:\/\/archivioturi.lavocedelpaese.info\/index.php\/wp-json\/wp\/v2\/users\/1"}],"replies":[{"embeddable":true,"href":"https:\/\/archivioturi.lavocedelpaese.info\/index.php\/wp-json\/wp\/v2\/comments?post=10046"}],"version-history":[{"count":0,"href":"https:\/\/archivioturi.lavocedelpaese.info\/index.php\/wp-json\/wp\/v2\/posts\/10046\/revisions"}],"wp:featuredmedia":[{"embeddable":true,"href":"https:\/\/archivioturi.lavocedelpaese.info\/index.php\/wp-json\/wp\/v2\/media\/10045"}],"wp:attachment":[{"href":"https:\/\/archivioturi.lavocedelpaese.info\/index.php\/wp-json\/wp\/v2\/media?parent=10046"}],"wp:term":[{"taxonomy":"category","embeddable":true,"href":"https:\/\/archivioturi.lavocedelpaese.info\/index.php\/wp-json\/wp\/v2\/categories?post=10046"},{"taxonomy":"post_tag","embeddable":true,"href":"https:\/\/archivioturi.lavocedelpaese.info\/index.php\/wp-json\/wp\/v2\/tags?post=10046"}],"curies":[{"name":"wp","href":"https:\/\/api.w.org\/{rel}","templated":true}]}}