{"id":10031,"date":"2012-09-18T16:05:24","date_gmt":"2012-09-18T16:05:24","guid":{"rendered":"https:\/\/archivioturi.lavocedelpaese.info\/index.php\/2012\/09\/18\/e-se-vi-azzannano-chi-se-ne-frega\/"},"modified":"2012-09-18T16:05:24","modified_gmt":"2012-09-18T16:05:24","slug":"e-se-vi-azzannano-chi-se-ne-frega","status":"publish","type":"post","link":"https:\/\/archivioturi.lavocedelpaese.info\/index.php\/2012\/09\/18\/e-se-vi-azzannano-chi-se-ne-frega\/","title":{"rendered":"E se vi azzannano&#8230; chi se ne frega!"},"content":{"rendered":"<p style=\"text-align: justify;\"><img loading=\"lazy\" decoding=\"async\" class=\" size-full wp-image-10030\" src=\"https:\/\/archivioturi.lavocedelpaese.info\/wp-content\/uploads\/2012\/09\/cani_11.jpg\" width=\"320\" height=\"152\" alt=\"cani 11\" style=\"margin: 0px 3px;\" srcset=\"https:\/\/archivioturi.lavocedelpaese.info\/wp-content\/uploads\/2012\/09\/cani_11.jpg 640w, https:\/\/archivioturi.lavocedelpaese.info\/wp-content\/uploads\/2012\/09\/cani_11-300x142.jpg 300w\" sizes=\"auto, (max-width: 320px) 100vw, 320px\" \/><\/p>\n<p style=\"text-align: justify;\"><strong>Siamo a Turi&#8230;<\/strong> \u00c8 una calda sera di fine luglio e ci troviamo in via Noci. Un branco di cani randagi bianchi di media e grande taglia <em>cena<\/em> nei pressi di due cassonetti della spazzatura. Una signora con il suo bambino che non potr\u00e0 avere pi\u00f9 di cinque anni, si dirige con due sacchetti di rifiuti presso quegli stessi cassonetti.<\/p>\n<p style=\"text-align: justify;\">L\u2019incontro \u00e8 inevitabile. Alcuni cani indietreggiano, altri due, per\u00f2 non accettano l\u2019interruzione e attaccano. La madre afferra velocemente il bambino in braccio, indietreggia e grida. I cani si spaventano, si fermano e ringhiando mostrano i denti. Fra le lacrime del bambino, la madre si allontana mentre i cani tentano un ulteriore attacco. Poi desistono. Nessuno si \u00e8 fatto male, pochi attimi di paura e nulla pi\u00f9.<\/p>\n<p style=\"text-align: justify;\"><strong>Siamo a Turi&#8230;<\/strong> E la gestione dei cani randagi \u00e8 a dir poco fantasiosa.&nbsp; Un nostro concittadino, nella caldissima estate che ci stiamo lasciando alle porte, ritrova nel porticato della propria casa sette cagnolini nati da poche settimane. Assetati e distrutti dal caldo avevano cercato l\u00ec un rifugio. Salvatore, cos\u00ec chiameremo il nostro cittadino, gli dar\u00e0 da bere e subito dopo si recher\u00e0 presso il Comune per chiedere aiuto. La prima risposta \u00e8 gi\u00e0 emblematica: \u201cperch\u00e9 mai gli avete dato da bere?\u201d. Questa \u00e8 la risposta del Comune ci racconta Salvatore. E cosa avrebbe dovuto fare ci chiediamo. Pestarli?<\/p>\n<p style=\"text-align: justify;\"><strong>Siamo a Turi&#8230;<\/strong> E la storia si complica. Salvatore insiste e il Comune ha la risposta di riserva: \u201cDovete imparare a conviverci.\u201d Dunque se un branco di cani randagi decide di alloggiare presso la vostra abitazione, dovete rassegnarvi e adottarli.<\/p>\n<p style=\"text-align: justify;\"><strong>Siamo a Turi&#8230;<\/strong> E qualcuno non demorde. \u201cSe questi cani crescendo aggrediscono qualche passante?\u201d chiede stupito Salvatore. Il Comune qui ha ben due risposte da dare ai nostri cittadini. La prima \u00e8 quella di recintare l\u2019abitazione. Dunque se un branco di cani randagi si avvicina alla vostra abitazione, voi recitateli dentro. La seconda risposta rappresenta il culmine dell\u2019allegria: se dovesse accadere, il Comune \u00e8 assicurato. Dunque i cittadini turesi possono stare tranquilli, se venite aggrediti il Comune \u00e8 assicurato e vi rimborsa.<\/p>\n<p style=\"text-align: justify;\"><strong>Siamo a Turi&#8230; <\/strong>e la follia \u00e8 di moda. Se le risposte del Comune non sono certificabili, verba volant scripta manent, quello che accade in modo certificabile ha ancora dell\u2019incredibile. Infatti i nostri cani, dopo la segnalazione, vengono \u201caccalappiati\u201d, portati presso il Canile sanitario del Comune, gi\u00e0 sovraccarico e poi sterilizzati. A questo punto, il direttore dei Veterinari, tale Dott. Vito Radicci, certifica che alcuni di questi cani non sono pericolosi e possono serenamente tornare in libert\u00e0. Proprio cos\u00ec, a Turi i cani vengono se non sono pericolosi possono restare randagi.<\/p>\n<p style=\"text-align: justify;\"><strong>Siamo a Turi&#8230;<\/strong> e non a Putignano. Il nostro Salvatore si reca dunque a Putignano per poter discutere direttamente con il dott. Radicci per comprendere come riesca a capire quali cani sono pericolosi e quali non lo sono, capire come questi cani, liberati in strada, potranno mangiare e bere. Capire. Il dott. Radicci non c\u2019\u00e8, ma sono presenti nell\u2019ufficio i suoi colleghi, che affermano serenamente che queste cose, loro non le hanno mai fatte. Il randagismo si combatte e non si favorisce&#8230;a Putignano. A Turi per\u00f2 pu\u00f2 cambiare tutto. Come pu\u00f2 il dott. Radicci autorizzare la liberazione dei cani? L&#8217;abbiamo chiamato ma era impegnato.<\/p>\n<p style=\"text-align: justify;\"><strong>Gaetano Pirulli<\/strong>, ascoltato telefonicamente, conferma la procedura. I cani vengono presi, sterilizzati, \u201cassicurati\u201d e infine liberati. Secondo Pirulli i cani \u201cliberati\u201d vengono comunque seguiti e nutriti dalle associazioni e da volontari sul territorio. \u201cSolo con la sterilizzazione si pu\u00f2 combattere il randagismo\u201d.<\/p>\n<p style=\"text-align: justify;\"><strong>In conclusione<\/strong> il Comune di Turi spende e dirotta verso Cassano delle Murge oltre cento mila euro per \u201ci cani randagi\u201d ogni anno e da molti anni. Con quei soldi si sarebbe potuto costruire a Turi un canile extralusso ristrutturando ad esempio il vecchio macello comunale. Nonostante tutti questi soldi il servizio per i cittadini non funziona e le risposte per i cittadini sono tardive e insufficienti. Nonostante tutto&#8230;siamo a Turi.&nbsp;<\/p>\n","protected":false},"excerpt":{"rendered":"<p style=\"text-align: justify;\"><img loading=\"lazy\" decoding=\"async\" class=\" size-full wp-image-10030\" src=\"https:\/\/archivioturi.lavocedelpaese.info\/wp-content\/uploads\/2012\/09\/cani_11.jpg\" width=\"320\" height=\"152\" alt=\"cani 11\" style=\"margin: 0px 3px;\" srcset=\"https:\/\/archivioturi.lavocedelpaese.info\/wp-content\/uploads\/2012\/09\/cani_11.jpg 640w, https:\/\/archivioturi.lavocedelpaese.info\/wp-content\/uploads\/2012\/09\/cani_11-300x142.jpg 300w\" sizes=\"auto, (max-width: 320px) 100vw, 320px\" \/><\/p>\n","protected":false},"author":1,"featured_media":10030,"comment_status":"open","ping_status":"closed","sticky":false,"template":"","format":"standard","meta":{"colormag_page_container_layout":"default_layout","colormag_page_sidebar_layout":"default_layout","footnotes":""},"categories":[7],"tags":[],"class_list":["post-10031","post","type-post","status-publish","format-standard","has-post-thumbnail","hentry","category-attualita"],"_links":{"self":[{"href":"https:\/\/archivioturi.lavocedelpaese.info\/index.php\/wp-json\/wp\/v2\/posts\/10031","targetHints":{"allow":["GET"]}}],"collection":[{"href":"https:\/\/archivioturi.lavocedelpaese.info\/index.php\/wp-json\/wp\/v2\/posts"}],"about":[{"href":"https:\/\/archivioturi.lavocedelpaese.info\/index.php\/wp-json\/wp\/v2\/types\/post"}],"author":[{"embeddable":true,"href":"https:\/\/archivioturi.lavocedelpaese.info\/index.php\/wp-json\/wp\/v2\/users\/1"}],"replies":[{"embeddable":true,"href":"https:\/\/archivioturi.lavocedelpaese.info\/index.php\/wp-json\/wp\/v2\/comments?post=10031"}],"version-history":[{"count":0,"href":"https:\/\/archivioturi.lavocedelpaese.info\/index.php\/wp-json\/wp\/v2\/posts\/10031\/revisions"}],"wp:featuredmedia":[{"embeddable":true,"href":"https:\/\/archivioturi.lavocedelpaese.info\/index.php\/wp-json\/wp\/v2\/media\/10030"}],"wp:attachment":[{"href":"https:\/\/archivioturi.lavocedelpaese.info\/index.php\/wp-json\/wp\/v2\/media?parent=10031"}],"wp:term":[{"taxonomy":"category","embeddable":true,"href":"https:\/\/archivioturi.lavocedelpaese.info\/index.php\/wp-json\/wp\/v2\/categories?post=10031"},{"taxonomy":"post_tag","embeddable":true,"href":"https:\/\/archivioturi.lavocedelpaese.info\/index.php\/wp-json\/wp\/v2\/tags?post=10031"}],"curies":[{"name":"wp","href":"https:\/\/api.w.org\/{rel}","templated":true}]}}