{"id":10029,"date":"2012-09-18T14:03:15","date_gmt":"2012-09-18T14:03:15","guid":{"rendered":"https:\/\/archivioturi.lavocedelpaese.info\/index.php\/2012\/09\/18\/qtateo-sta-vivendo-una-crisi-didentitaq\/"},"modified":"2012-09-18T14:03:15","modified_gmt":"2012-09-18T14:03:15","slug":"qtateo-sta-vivendo-una-crisi-didentitaq","status":"publish","type":"post","link":"https:\/\/archivioturi.lavocedelpaese.info\/index.php\/2012\/09\/18\/qtateo-sta-vivendo-una-crisi-didentitaq\/","title":{"rendered":"&#8220;Tateo sta vivendo una crisi d\u2019identit\u00e0&#8221;"},"content":{"rendered":"<p style=\"text-align: justify;\">&nbsp;<img loading=\"lazy\" decoding=\"async\" class=\" size-full wp-image-8180\" src=\"https:\/\/archivioturi.lavocedelpaese.info\/wp-content\/uploads\/2012\/02\/mercieri.png\" width=\"320\" height=\"150\" alt=\"mercieri\" style=\"margin: 0px 3px;\" srcset=\"https:\/\/archivioturi.lavocedelpaese.info\/wp-content\/uploads\/2012\/02\/mercieri.png 640w, https:\/\/archivioturi.lavocedelpaese.info\/wp-content\/uploads\/2012\/02\/mercieri-300x141.png 300w\" sizes=\"auto, (max-width: 320px) 100vw, 320px\" \/><\/p>\n<p style=\"text-align: justify;\">Inviterei il consigliere Tateo ad una maggiore serenit\u00e0 d\u2019animo.<\/p>\n<p style=\"text-align: justify;\">Pensi a svolgere meglio il compito che gli \u00e8 stato affidato e non si preoccupi del mio stile, che \u00e8 rimasto e rimarr\u00e0 inalterato anche in futuro, sia in consiglio comunale che nelle opinioni espresse sugli organi di stampa.<\/p>\n<p style=\"text-align: justify;\">Non escludo che le scalmane a cui si \u00e8 lasciato andare il consigliere Tateo possano essere state causate dal caldo eccessivo di questa estate che non accenna a finire o dalle temperature elevate dei tanti riflettori sotto i quali \u00e8 sfilato in ottima compagnia, ma le giustificazioni finiscono qui.<\/p>\n<p style=\"text-align: justify;\">Lasciamo parlare i fatti.<\/p>\n<p style=\"text-align: justify;\">Nonostante da noi di \u201cImpegno per Turi\u201d espressamente richiesto in consiglio comunale, l\u2019attuale maggioranza non ha voluto esprimere un giudizio sulla gestione politica e finanziaria dell\u2019amministrazione Gigantelli, limitandosi ad approvare il Bilancio a consuntivo per il 2011 come mero atto dovuto.<\/p>\n<p style=\"text-align: justify;\">Se non si fosse trattato di un cambio della guardia, in assoluta continuit\u00e0 con un\u2019amministrazione amica, sono sicuro che altri sarebbero stati i giudizi su certe scelte, a cominciare dalle agevolazioni e dai contributi inspiegabili concessi con una certa allegria, continuando a proposito di alcune spese che si poteva e si doveva ridurre, per concludere con le opere pubbliche iniziate tardi, portate avanti male e che regaleranno ai turesi minori servizi, maggiori costi ed infiniti disagi.<\/p>\n<p style=\"text-align: justify;\">Inoltre, tra qualche giorno in consiglio comunale saremo chiamati ad approvare gli equilibri di bilancio ed allora sapremo se ci saranno debiti fuori bilancio, e ce ne saranno, per cui ne riparleremo.<\/p>\n<p style=\"text-align: justify;\">Chiunque abbia letto le mie dichiarazioni ha capito perfettamente che, quando parlavo d&#8217;interessi alle spalle di chi \u00e8 stato eletto, mi riferivo a chi ha schierato in lista una serie di prestanome, dopo aver sostanzialmente sottoscritto un contratto elettorale in piena regola.<\/p>\n<p style=\"text-align: justify;\">Il termine \u201cpuparo\u201d lo usa Tateo nella sua intervista e la consuetudine vuole che ognuno parla di quello che sa.<\/p>\n<p style=\"text-align: justify;\">Quanto agli atti amministrativi gi\u00e0 prodotti dall\u2019attuale maggioranza, io mi sono limitato a riportare quello che il sindaco ha pi\u00f9 volte espresso ufficialmente, sia in sede di presentazione pubblica del Bilancio 2012 sia in consiglio comunale.<\/p>\n<p style=\"text-align: justify;\">Provo a sintetizzarlo:<\/p>\n<p style=\"text-align: justify;\">&#8211;&nbsp;&nbsp;&nbsp;&nbsp;&nbsp;&nbsp;&nbsp;&nbsp;&nbsp; <em>\u00c8 vero, per redigere il bilancio abbiamo avuto poco tempo;<\/em><\/p>\n<p style=\"text-align: justify;\">&#8211;&nbsp;&nbsp;&nbsp;&nbsp;&nbsp;&nbsp;&nbsp;&nbsp;&nbsp; <em>\u00c8 vero, ci siamo concentrati sul versante della tassazione, per coprire i minori trasferimenti da parte dello Stato ma vi assicuro che ci impegneremo in futuro per approfondire con maggiore analisi la parte delle spese;<\/em><\/p>\n<p style=\"text-align: justify;\">&#8211;&nbsp;&nbsp;&nbsp;&nbsp;&nbsp;&nbsp;&nbsp;&nbsp;&nbsp; <em>\u00c8 vero, sull\u2019IMU avremmo potuto fare di pi\u00f9 ma dateci tempo e, soprattutto, suggerimenti e noi li valuteremo insieme.<\/em><\/p>\n<p style=\"text-align: justify;\">Queste le parole del sindaco. Tateo le nega. Da come si atteggia o risponde, sembra quasi che Tateo stia vivendo una crisi d\u2019identit\u00e0 e, gratuitamente in tutti i sensi, si senta sindaco.<\/p>\n<p style=\"text-align: justify;\">Torniamo alle cose serie.<\/p>\n<p style=\"text-align: justify;\">Noi di \u201cImpegno per Turi\u201d in consiglio comunale abbiamo evidenziato l\u2019aumento indiscriminato della TARSU, dell\u2019addizionale comunale e dell\u2019IMU, proponendo in alternativa, ad esempio, la maggiore tassazione sulle rendite patrimoniali e sgravi sul reddito da lavoro.<\/p>\n<p style=\"text-align: justify;\">Ad esempio, aumentando al massimo l\u2019IMU su quei terreni agricoli che ospitano gli impianti fotovoltaici, si poteva destinare le maggiori entrate alla riduzione dell\u2019IMU sulle \u201cseconde\u201d case del Centro Storico, che di fatto per molti rappresentano un tutt\u2019uno con la prima casa.<\/p>\n<p style=\"text-align: justify;\">Questa \u00e8 la risposta che ci \u00e8 stata data: ne riparliamo a settembre e noi stiamo aspettando.<\/p>\n<p style=\"text-align: justify;\">Una cosa \u00e8 certa, le tasse sono aumentate ben oltre la necessit\u00e0 di coprire i minori trasferimenti dello Stato e sono servite a dotare assessori e consiglieri di una specie di salvadanaio personale.<\/p>\n<p style=\"text-align: justify;\">E non lo dico solo io, lo dicono alcune delibere di giunta e lo dicono gli stessi amministratori: com\u2019\u00e8 quella storia che non si fanno i matrimoni con i fichi secchi, Tateo?<\/p>\n<p style=\"text-align: justify;\">Lo ha ribadito anche il vicesindaco dal palco in Piazza Colapietro, prima dello spettacolo della Rimbamband; infatti ha ammesso che quest\u2019anno si \u00e8 speso di pi\u00f9 per le manifestazioni estive (per l\u2019autunno e l\u2019inverno, come dicevano gli antichi, \u201callecesc\u00e8nne, prevved\u00e8nne\u201d).<\/p>\n<p style=\"text-align: justify;\">E questo grazie alle tasse aumentate senza un minimo di giustizia fiscale, aggiungo io.<\/p>\n<p style=\"text-align: justify;\">Anche in questo caso, dunque, le smentite di Tateo non smentiscono.<\/p>\n<p style=\"text-align: justify;\">Sono certo che ne parleremo ancora, spero in consiglio comunale e spero anche che in quella sede Tateo dimostri, con i fatti e non solo con le vuote parole di una retorica di altri tempi, di voler rispettare le opinioni argomentate delle opposizioni.<\/p>\n<p align=\"right\" style=\"text-align: right;\"><em>Il consigliere di minoranza, <\/em><\/p>\n<p align=\"right\" style=\"text-align: right;\"><em>Ing. Franco Mercieri<\/em><\/p>\n","protected":false},"excerpt":{"rendered":"<p style=\"text-align: justify;\">&nbsp;<img loading=\"lazy\" decoding=\"async\" class=\" size-full wp-image-8180\" src=\"https:\/\/archivioturi.lavocedelpaese.info\/wp-content\/uploads\/2012\/02\/mercieri.png\" width=\"320\" height=\"150\" alt=\"mercieri\" style=\"margin: 0px 3px;\" srcset=\"https:\/\/archivioturi.lavocedelpaese.info\/wp-content\/uploads\/2012\/02\/mercieri.png 640w, https:\/\/archivioturi.lavocedelpaese.info\/wp-content\/uploads\/2012\/02\/mercieri-300x141.png 300w\" sizes=\"auto, (max-width: 320px) 100vw, 320px\" \/><\/p>\n","protected":false},"author":1,"featured_media":8180,"comment_status":"open","ping_status":"closed","sticky":false,"template":"","format":"standard","meta":{"colormag_page_container_layout":"default_layout","colormag_page_sidebar_layout":"default_layout","footnotes":""},"categories":[4],"tags":[],"class_list":["post-10029","post","type-post","status-publish","format-standard","has-post-thumbnail","hentry","category-politica"],"_links":{"self":[{"href":"https:\/\/archivioturi.lavocedelpaese.info\/index.php\/wp-json\/wp\/v2\/posts\/10029","targetHints":{"allow":["GET"]}}],"collection":[{"href":"https:\/\/archivioturi.lavocedelpaese.info\/index.php\/wp-json\/wp\/v2\/posts"}],"about":[{"href":"https:\/\/archivioturi.lavocedelpaese.info\/index.php\/wp-json\/wp\/v2\/types\/post"}],"author":[{"embeddable":true,"href":"https:\/\/archivioturi.lavocedelpaese.info\/index.php\/wp-json\/wp\/v2\/users\/1"}],"replies":[{"embeddable":true,"href":"https:\/\/archivioturi.lavocedelpaese.info\/index.php\/wp-json\/wp\/v2\/comments?post=10029"}],"version-history":[{"count":0,"href":"https:\/\/archivioturi.lavocedelpaese.info\/index.php\/wp-json\/wp\/v2\/posts\/10029\/revisions"}],"wp:featuredmedia":[{"embeddable":true,"href":"https:\/\/archivioturi.lavocedelpaese.info\/index.php\/wp-json\/wp\/v2\/media\/8180"}],"wp:attachment":[{"href":"https:\/\/archivioturi.lavocedelpaese.info\/index.php\/wp-json\/wp\/v2\/media?parent=10029"}],"wp:term":[{"taxonomy":"category","embeddable":true,"href":"https:\/\/archivioturi.lavocedelpaese.info\/index.php\/wp-json\/wp\/v2\/categories?post=10029"},{"taxonomy":"post_tag","embeddable":true,"href":"https:\/\/archivioturi.lavocedelpaese.info\/index.php\/wp-json\/wp\/v2\/tags?post=10029"}],"curies":[{"name":"wp","href":"https:\/\/api.w.org\/{rel}","templated":true}]}}